{"id":106,"date":"2024-10-29T06:30:00","date_gmt":"2024-10-29T05:30:00","guid":{"rendered":"https:\/\/reclamatuequipaje.com\/blog\/?p=106"},"modified":"2024-10-15T14:01:34","modified_gmt":"2024-10-15T12:01:34","slug":"la-responsabilidad-de-las-aerolineas-ante-la-perdida-de-equipaje-caso-tap-portugal","status":"publish","type":"post","link":"https:\/\/reclamatuequipaje.com\/blog\/la-responsabilidad-de-las-aerolineas-ante-la-perdida-de-equipaje-caso-tap-portugal\/","title":{"rendered":"La responsabilidad de las aerol\u00edneas ante la p\u00e9rdida de equipaje: Caso TAP Portugal"},"content":{"rendered":"\n<p>La p\u00e9rdida de equipaje facturado es una de las mayores preocupaciones para los pasajeros que viajan en avi\u00f3n. A lo largo de los a\u00f1os, m\u00faltiples <a href=\"https:\/\/reclamatuequipaje.com\/reclamar-equipaje-aerolineas.php\" target=\"_blank\" rel=\"noreferrer noopener\">aerol\u00edneas <\/a>han sido condenadas a pagar compensaciones por este tipo de incidentes, generando jurisprudencia que protege los derechos de los pasajeros. Un reciente fallo del Juzgado de Donostia ha puesto en evidencia las responsabilidades de TAP Portugal en un caso de p\u00e9rdida de equipaje, estableciendo una indemnizaci\u00f3n de 1.500 euros a favor del afectado. Este art\u00edculo explora en detalle los <a href=\"https:\/\/reclamatuequipaje.com\/derechos-pasajero.php\" target=\"_blank\" rel=\"noreferrer noopener\">derechos de los pasajeros<\/a>, las obligaciones de las aerol\u00edneas y c\u00f3mo proceder ante la p\u00e9rdida de una maleta facturada.<\/p>\n\n\n\n<p class=\"has-text-align-center has-base-color has-accent-background-color has-text-color has-background has-link-color wp-elements-c485a921543b52957bd646581ba03fb5\"><a href=\"https:\/\/reclamatuequipaje.com\/\" target=\"_blank\" rel=\"noreferrer noopener\"><strong>RECLAMAR EQUIPAJE<\/strong> <strong>P\u00c9RDIDO GRATIS CON NOSOTROS <\/strong><\/a><\/p>\n\n\n\n<h2 class=\"wp-block-heading\">Derechos de los pasajeros frente a la p\u00e9rdida de equipaje<\/h2>\n\n\n\n<p>Seg\u00fan el Convenio de Montreal, los pasajeros tienen derecho a recibir una compensaci\u00f3n econ\u00f3mica cuando su equipaje facturado es perdido, da\u00f1ado o llega con retraso. Este acuerdo internacional regula las relaciones entre pasajeros y aerol\u00edneas, imponiendo una serie de responsabilidades que deben cumplir las compa\u00f1\u00edas a\u00e9reas. En caso de p\u00e9rdida, la compensaci\u00f3n puede alcanzar hasta 1.288 derechos especiales de giro (DEG), una unidad monetaria establecida por el Fondo Monetario Internacional (FMI).<\/p>\n\n\n\n<p>Es crucial que los pasajeros conozcan estos derechos y c\u00f3mo reclamarlos. Muchas aerol\u00edneas intentan ofrecer soluciones menos favorables, como la entrega de vouchers o descuentos en futuros vuelos. Sin embargo, la ley es clara: en caso de p\u00e9rdida de equipaje, los pasajeros tienen derecho a una compensaci\u00f3n justa y proporcional a los da\u00f1os sufridos.<\/p>\n\n\n\n<p>Si ha sufrido la p\u00e9rdida de su equipaje durante su vuelo, <strong>le invitamos a realizar una reclamaci\u00f3n con nosotros sin coste alguno por iniciarla; solo cobramos si ganamos una indemnizaci\u00f3n para usted.<\/strong><\/p>\n\n\n\n<h2 class=\"wp-block-heading\">\u00bfC\u00f3mo presentar una reclamaci\u00f3n por p\u00e9rdida de equipaje?<\/h2>\n\n\n\n<p>Ante la p\u00e9rdida de equipaje, es importante actuar con rapidez. Estos son los pasos que debe seguir cualquier pasajero afectado:<\/p>\n\n\n\n<ol class=\"wp-block-list\">\n<li><strong>Reportar la p\u00e9rdida inmediatamente<\/strong>: Tan pronto como el pasajero se d\u00e9 cuenta de que su maleta no ha llegado, debe dirigirse al mostrador de la aerol\u00ednea en el aeropuerto y completar un <a href=\"https:\/\/reclamatuequipaje.com\/blog\/pir-equipaje-todo-lo-que-necesitas-saber-sobre-el-parte-de-irregularidad-de-equipaje-pir\/\" target=\"_blank\" rel=\"noreferrer noopener\">Parte de Irregularidad de Equipaje (PIR)<\/a>. Este documento es esencial para iniciar la reclamaci\u00f3n.<\/li>\n\n\n\n<li><strong>Reunir pruebas<\/strong>: Es fundamental conservar la tarjeta de embarque, las etiquetas de la maleta y cualquier recibo que pueda acreditar los objetos que se encontraban dentro del equipaje perdido.<\/li>\n\n\n\n<li><strong>Presentar la reclamaci\u00f3n formal<\/strong>: La reclamaci\u00f3n por la p\u00e9rdida de equipaje debe realizarse por escrito, directamente a la aerol\u00ednea, dentro de un plazo m\u00e1ximo de 21 d\u00edas desde la fecha de vuelo. En el caso de TAP Portugal, este procedimiento se puede realizar a trav\u00e9s de su p\u00e1gina web o mediante correo postal.<\/li>\n\n\n\n<li><strong>Reclamar el monto adecuado<\/strong>: La compensaci\u00f3n por la p\u00e9rdida de equipaje var\u00eda dependiendo del valor de los objetos perdidos y el peso de la maleta. Es importante que el pasajero valore correctamente sus pertenencias y exija una indemnizaci\u00f3n acorde a ello.<\/li>\n<\/ol>\n\n\n\n<p class=\"has-text-align-center has-base-color has-accent-background-color has-text-color has-background has-link-color wp-elements-c485a921543b52957bd646581ba03fb5\"><a href=\"https:\/\/reclamatuequipaje.com\/\" target=\"_blank\" rel=\"noreferrer noopener\"><strong>RECLAMAR EQUIPAJE<\/strong> <strong>P\u00c9RDIDO GRATIS CON NOSOTROS <\/strong><\/a><\/p>\n\n\n\n<h2 class=\"wp-block-heading\">Jurisprudencia sobre la responsabilidad de las aerol\u00edneas: Caso TAP Portugal<\/h2>\n\n\n\n<p>El reciente caso del Juzgado de Donostia, en el que TAP Portugal fue condenada a pagar 1.500 euros a un pasajero por la p\u00e9rdida de su maleta facturada, es un ejemplo claro de c\u00f3mo los tribunales espa\u00f1oles aplican el <a href=\"https:\/\/www.boe.es\/buscar\/doc.php?id=BOE-A-2004-9347\" target=\"_blank\" rel=\"noreferrer noopener\">Convenio de Montreal<\/a>. En este caso, la aerol\u00ednea no logr\u00f3 acreditar la localizaci\u00f3n de la maleta, lo que llev\u00f3 al tribunal a dictar sentencia a favor del pasajero afectado.<\/p>\n\n\n\n<p>La sentencia establece un precedente importante, ya que no solo reconoce el derecho a una compensaci\u00f3n econ\u00f3mica, sino que tambi\u00e9n refleja el deber de diligencia que tienen las aerol\u00edneas para garantizar la entrega segura del equipaje. Este fallo podr\u00eda influir en futuros casos similares, fortaleciendo la posici\u00f3n de los consumidores frente a las grandes compa\u00f1\u00edas a\u00e9reas.<\/p>\n\n\n\n<h2 class=\"wp-block-heading\">C\u00f3mo protegerse en futuros vuelos<\/h2>\n\n\n\n<p>Si bien la ley protege a los pasajeros, hay medidas que cada viajero puede tomar para minimizar el riesgo de p\u00e9rdida de equipaje y asegurarse de estar bien cubierto en caso de que ocurra. Algunas recomendaciones incluyen:<\/p>\n\n\n\n<ul class=\"wp-block-list\">\n<li><strong>Etiquetar correctamente la maleta<\/strong>: Aseg\u00farese de que la etiqueta con su nombre, direcci\u00f3n y n\u00famero de tel\u00e9fono est\u00e9 correctamente adherida a su maleta, tanto en el exterior como en el interior.<\/li>\n\n\n\n<li><strong>Evitar facturar objetos de alto valor<\/strong>: Siempre que sea posible, lleve consigo en el equipaje de mano objetos de valor, como dispositivos electr\u00f3nicos, joyas y documentos importantes.<\/li>\n\n\n\n<li><strong>Contratar un seguro de viaje<\/strong>: Algunas p\u00f3lizas de seguro cubren la p\u00e9rdida o retraso de equipaje, ofreciendo compensaciones adicionales a las previstas por la aerol\u00ednea.<\/li>\n\n\n\n<li><strong>Guardar todos los recibos de los objetos transportados<\/strong>: Esto facilitar\u00e1 la reclamaci\u00f3n en caso de que se pierda el equipaje y ayudar\u00e1 a justificar el valor de los objetos contenidos en la maleta.<\/li>\n<\/ul>\n\n\n\n<p>Resumiendo, la p\u00e9rdida de equipaje es un inconveniente importante para cualquier viajero, pero gracias a las leyes internacionales y a la jurisprudencia actual, los pasajeros tienen derecho a recibir una compensaci\u00f3n justa. El reciente fallo contra TAP Portugal es un recordatorio de que las aerol\u00edneas tienen responsabilidades claras ante sus clientes y que los pasajeros afectados pueden recurrir a la justicia para proteger sus derechos. Si usted ha sido v\u00edctima de la p\u00e9rdida de equipaje, no dude en presentar una reclamaci\u00f3n para recibir la compensaci\u00f3n que le corresponde.<\/p>\n\n\n\n<p class=\"has-text-align-center has-base-color has-accent-background-color has-text-color has-background has-link-color wp-elements-c485a921543b52957bd646581ba03fb5\"><a href=\"https:\/\/reclamatuequipaje.com\/\" target=\"_blank\" rel=\"noreferrer noopener\"><strong>RECLAMAR EQUIPAJE<\/strong> <strong>P\u00c9RDIDO GRATIS CON NOSOTROS <\/strong><\/a><\/p>\n","protected":false},"excerpt":{"rendered":"<p>La p\u00e9rdida de equipaje facturado es una de las mayores preocupaciones para los pasajeros que viajan en avi\u00f3n. A lo largo de los a\u00f1os, m\u00faltiples aerol\u00edneas han sido condenadas a pagar compensaciones por este tipo de incidentes, generando jurisprudencia que protege los derechos de los pasajeros. Un reciente fallo del Juzgado de Donostia ha puesto &#8230; <a title=\"La responsabilidad de las aerol\u00edneas ante la p\u00e9rdida de equipaje: Caso TAP Portugal\" class=\"read-more\" href=\"https:\/\/reclamatuequipaje.com\/blog\/la-responsabilidad-de-las-aerolineas-ante-la-perdida-de-equipaje-caso-tap-portugal\/\" aria-label=\"M\u00e1s en La responsabilidad de las aerol\u00edneas ante la p\u00e9rdida de equipaje: Caso TAP Portugal\">Leer m\u00e1s<\/a><\/p>\n","protected":false},"author":1,"featured_media":108,"comment_status":"open","ping_status":"open","sticky":false,"template":"","format":"standard","meta":{"footnotes":""},"categories":[1],"tags":[],"class_list":["post-106","post","type-post","status-publish","format-standard","has-post-thumbnail","hentry","category-reclamar-equipaje"],"yoast_head":"<!-- This site is optimized with the Yoast SEO plugin v27.5 - https:\/\/yoast.com\/product\/yoast-seo-wordpress\/ -->\n<title>La responsabilidad de las aerol\u00edneas ante la p\u00e9rdida de equipaje: Caso TAP Portugal - Blog Reclamatuequipaje<\/title>\n<meta name=\"description\" content=\"La p\u00e9rdida de equipaje facturado es una de las mayores preocupaciones para los pasajeros que viajan en avi\u00f3n. A lo largo de los a\u00f1os, m\u00faltiples aerol\u00edneas\" \/>\n<meta name=\"robots\" content=\"index, follow, max-snippet:-1, max-image-preview:large, max-video-preview:-1\" \/>\n<link rel=\"canonical\" href=\"https:\/\/reclamatuequipaje.com\/blog\/la-responsabilidad-de-las-aerolineas-ante-la-perdida-de-equipaje-caso-tap-portugal\/\" \/>\n<meta property=\"og:locale\" content=\"es_ES\" \/>\n<meta property=\"og:type\" content=\"article\" \/>\n<meta property=\"og:title\" content=\"La responsabilidad de las aerol\u00edneas ante la p\u00e9rdida de equipaje: Caso TAP Portugal - Blog Reclamatuequipaje\" \/>\n<meta property=\"og:description\" content=\"La p\u00e9rdida de equipaje facturado es una de las mayores preocupaciones para los pasajeros que viajan en avi\u00f3n. A lo largo de los a\u00f1os, m\u00faltiples aerol\u00edneas\" \/>\n<meta property=\"og:url\" content=\"https:\/\/reclamatuequipaje.com\/blog\/la-responsabilidad-de-las-aerolineas-ante-la-perdida-de-equipaje-caso-tap-portugal\/\" \/>\n<meta property=\"og:site_name\" content=\"Blog Reclamatuequipaje\" \/>\n<meta property=\"article:published_time\" content=\"2024-10-29T05:30:00+00:00\" \/>\n<meta property=\"og:image\" content=\"https:\/\/reclamatuequipaje.com\/blog\/wp-content\/uploads\/2024\/10\/SENTENCIA-DE-1500E-DE-INDEMNIZACION-A-LA-AEROLINEA-TAP-PORTUGAL.jpg\" \/>\n\t<meta property=\"og:image:width\" content=\"1200\" \/>\n\t<meta property=\"og:image:height\" content=\"750\" \/>\n\t<meta property=\"og:image:type\" content=\"image\/jpeg\" \/>\n<meta name=\"author\" content=\"admin\" \/>\n<meta name=\"twitter:card\" content=\"summary_large_image\" \/>\n<meta name=\"twitter:label1\" content=\"Written by\" \/>\n\t<meta name=\"twitter:data1\" content=\"admin\" \/>\n\t<meta name=\"twitter:label2\" content=\"Est. reading time\" \/>\n\t<meta name=\"twitter:data2\" content=\"5 minutos\" \/>\n<script type=\"application\/ld+json\" class=\"yoast-schema-graph\">{\"@context\":\"https:\\\/\\\/schema.org\",\"@graph\":[{\"@type\":\"Article\",\"@id\":\"https:\\\/\\\/reclamatuequipaje.com\\\/blog\\\/la-responsabilidad-de-las-aerolineas-ante-la-perdida-de-equipaje-caso-tap-portugal\\\/#article\",\"isPartOf\":{\"@id\":\"https:\\\/\\\/reclamatuequipaje.com\\\/blog\\\/la-responsabilidad-de-las-aerolineas-ante-la-perdida-de-equipaje-caso-tap-portugal\\\/\"},\"author\":{\"name\":\"admin\",\"@id\":\"https:\\\/\\\/reclamatuequipaje.com\\\/blog\\\/#\\\/schema\\\/person\\\/018905a92870427b1e8f15d87fdc2c8b\"},\"headline\":\"La responsabilidad de las aerol\u00edneas ante la p\u00e9rdida de equipaje: Caso TAP Portugal\",\"datePublished\":\"2024-10-29T05:30:00+00:00\",\"mainEntityOfPage\":{\"@id\":\"https:\\\/\\\/reclamatuequipaje.com\\\/blog\\\/la-responsabilidad-de-las-aerolineas-ante-la-perdida-de-equipaje-caso-tap-portugal\\\/\"},\"wordCount\":960,\"commentCount\":0,\"publisher\":{\"@id\":\"https:\\\/\\\/reclamatuequipaje.com\\\/blog\\\/#organization\"},\"image\":{\"@id\":\"https:\\\/\\\/reclamatuequipaje.com\\\/blog\\\/la-responsabilidad-de-las-aerolineas-ante-la-perdida-de-equipaje-caso-tap-portugal\\\/#primaryimage\"},\"thumbnailUrl\":\"https:\\\/\\\/reclamatuequipaje.com\\\/blog\\\/wp-content\\\/uploads\\\/2024\\\/10\\\/SENTENCIA-DE-1500E-DE-INDEMNIZACION-A-LA-AEROLINEA-TAP-PORTUGAL.jpg\",\"articleSection\":[\"Reclamar equipaje\"],\"inLanguage\":\"es\",\"potentialAction\":[{\"@type\":\"CommentAction\",\"name\":\"Comment\",\"target\":[\"https:\\\/\\\/reclamatuequipaje.com\\\/blog\\\/la-responsabilidad-de-las-aerolineas-ante-la-perdida-de-equipaje-caso-tap-portugal\\\/#respond\"]}]},{\"@type\":\"WebPage\",\"@id\":\"https:\\\/\\\/reclamatuequipaje.com\\\/blog\\\/la-responsabilidad-de-las-aerolineas-ante-la-perdida-de-equipaje-caso-tap-portugal\\\/\",\"url\":\"https:\\\/\\\/reclamatuequipaje.com\\\/blog\\\/la-responsabilidad-de-las-aerolineas-ante-la-perdida-de-equipaje-caso-tap-portugal\\\/\",\"name\":\"La responsabilidad de las aerol\u00edneas ante la p\u00e9rdida de equipaje: Caso TAP Portugal - Blog Reclamatuequipaje\",\"isPartOf\":{\"@id\":\"https:\\\/\\\/reclamatuequipaje.com\\\/blog\\\/#website\"},\"primaryImageOfPage\":{\"@id\":\"https:\\\/\\\/reclamatuequipaje.com\\\/blog\\\/la-responsabilidad-de-las-aerolineas-ante-la-perdida-de-equipaje-caso-tap-portugal\\\/#primaryimage\"},\"image\":{\"@id\":\"https:\\\/\\\/reclamatuequipaje.com\\\/blog\\\/la-responsabilidad-de-las-aerolineas-ante-la-perdida-de-equipaje-caso-tap-portugal\\\/#primaryimage\"},\"thumbnailUrl\":\"https:\\\/\\\/reclamatuequipaje.com\\\/blog\\\/wp-content\\\/uploads\\\/2024\\\/10\\\/SENTENCIA-DE-1500E-DE-INDEMNIZACION-A-LA-AEROLINEA-TAP-PORTUGAL.jpg\",\"datePublished\":\"2024-10-29T05:30:00+00:00\",\"description\":\"La p\u00e9rdida de equipaje facturado es una de las mayores preocupaciones para los pasajeros que viajan en avi\u00f3n. A lo largo de los a\u00f1os, m\u00faltiples aerol\u00edneas\",\"breadcrumb\":{\"@id\":\"https:\\\/\\\/reclamatuequipaje.com\\\/blog\\\/la-responsabilidad-de-las-aerolineas-ante-la-perdida-de-equipaje-caso-tap-portugal\\\/#breadcrumb\"},\"inLanguage\":\"es\",\"potentialAction\":[{\"@type\":\"ReadAction\",\"target\":[\"https:\\\/\\\/reclamatuequipaje.com\\\/blog\\\/la-responsabilidad-de-las-aerolineas-ante-la-perdida-de-equipaje-caso-tap-portugal\\\/\"]}]},{\"@type\":\"ImageObject\",\"inLanguage\":\"es\",\"@id\":\"https:\\\/\\\/reclamatuequipaje.com\\\/blog\\\/la-responsabilidad-de-las-aerolineas-ante-la-perdida-de-equipaje-caso-tap-portugal\\\/#primaryimage\",\"url\":\"https:\\\/\\\/reclamatuequipaje.com\\\/blog\\\/wp-content\\\/uploads\\\/2024\\\/10\\\/SENTENCIA-DE-1500E-DE-INDEMNIZACION-A-LA-AEROLINEA-TAP-PORTUGAL.jpg\",\"contentUrl\":\"https:\\\/\\\/reclamatuequipaje.com\\\/blog\\\/wp-content\\\/uploads\\\/2024\\\/10\\\/SENTENCIA-DE-1500E-DE-INDEMNIZACION-A-LA-AEROLINEA-TAP-PORTUGAL.jpg\",\"width\":1200,\"height\":750,\"caption\":\"SENTENCIA DE 1500\u20ac DE INDEMNIZACION A LA AEROLINEA TAP PORTUGAL\"},{\"@type\":\"BreadcrumbList\",\"@id\":\"https:\\\/\\\/reclamatuequipaje.com\\\/blog\\\/la-responsabilidad-de-las-aerolineas-ante-la-perdida-de-equipaje-caso-tap-portugal\\\/#breadcrumb\",\"itemListElement\":[{\"@type\":\"ListItem\",\"position\":1,\"name\":\"Home\",\"item\":\"https:\\\/\\\/reclamatuequipaje.com\\\/blog\\\/\"},{\"@type\":\"ListItem\",\"position\":2,\"name\":\"La responsabilidad de las aerol\u00edneas ante la p\u00e9rdida de equipaje: Caso TAP Portugal\"}]},{\"@type\":\"WebSite\",\"@id\":\"https:\\\/\\\/reclamatuequipaje.com\\\/blog\\\/#website\",\"url\":\"https:\\\/\\\/reclamatuequipaje.com\\\/blog\\\/\",\"name\":\"Blog Reclamatuequipaje\",\"description\":\"\",\"publisher\":{\"@id\":\"https:\\\/\\\/reclamatuequipaje.com\\\/blog\\\/#organization\"},\"potentialAction\":[{\"@type\":\"SearchAction\",\"target\":{\"@type\":\"EntryPoint\",\"urlTemplate\":\"https:\\\/\\\/reclamatuequipaje.com\\\/blog\\\/?s={search_term_string}\"},\"query-input\":{\"@type\":\"PropertyValueSpecification\",\"valueRequired\":true,\"valueName\":\"search_term_string\"}}],\"inLanguage\":\"es\"},{\"@type\":\"Organization\",\"@id\":\"https:\\\/\\\/reclamatuequipaje.com\\\/blog\\\/#organization\",\"name\":\"Blog Reclamatuequipaje\",\"url\":\"https:\\\/\\\/reclamatuequipaje.com\\\/blog\\\/\",\"logo\":{\"@type\":\"ImageObject\",\"inLanguage\":\"es\",\"@id\":\"https:\\\/\\\/reclamatuequipaje.com\\\/blog\\\/#\\\/schema\\\/logo\\\/image\\\/\",\"url\":\"https:\\\/\\\/reclamatuequipaje.com\\\/blog\\\/wp-content\\\/uploads\\\/2024\\\/02\\\/logo-reclamatuequipaje.com_.jpg\",\"contentUrl\":\"https:\\\/\\\/reclamatuequipaje.com\\\/blog\\\/wp-content\\\/uploads\\\/2024\\\/02\\\/logo-reclamatuequipaje.com_.jpg\",\"width\":195,\"height\":43,\"caption\":\"Blog Reclamatuequipaje\"},\"image\":{\"@id\":\"https:\\\/\\\/reclamatuequipaje.com\\\/blog\\\/#\\\/schema\\\/logo\\\/image\\\/\"}},{\"@type\":\"Person\",\"@id\":\"https:\\\/\\\/reclamatuequipaje.com\\\/blog\\\/#\\\/schema\\\/person\\\/018905a92870427b1e8f15d87fdc2c8b\",\"name\":\"admin\",\"image\":{\"@type\":\"ImageObject\",\"inLanguage\":\"es\",\"@id\":\"https:\\\/\\\/reclamatuequipaje.com\\\/blog\\\/wp-content\\\/litespeed\\\/avatar\\\/8fef0a2568de531f75d6c8a253e8dbd2.jpg?ver=1777470957\",\"url\":\"https:\\\/\\\/reclamatuequipaje.com\\\/blog\\\/wp-content\\\/litespeed\\\/avatar\\\/8fef0a2568de531f75d6c8a253e8dbd2.jpg?ver=1777470957\",\"contentUrl\":\"https:\\\/\\\/reclamatuequipaje.com\\\/blog\\\/wp-content\\\/litespeed\\\/avatar\\\/8fef0a2568de531f75d6c8a253e8dbd2.jpg?ver=1777470957\",\"caption\":\"admin\"},\"sameAs\":[\"https:\\\/\\\/reclamatuequipaje.com\\\/blog\"],\"url\":\"https:\\\/\\\/reclamatuequipaje.com\\\/blog\\\/author\\\/admin\\\/\"}]}<\/script>\n<!-- \/ Yoast SEO plugin. -->","yoast_head_json":{"title":"La responsabilidad de las aerol\u00edneas ante la p\u00e9rdida de equipaje: Caso TAP Portugal - Blog Reclamatuequipaje","description":"La p\u00e9rdida de equipaje facturado es una de las mayores preocupaciones para los pasajeros que viajan en avi\u00f3n. A lo largo de los a\u00f1os, m\u00faltiples aerol\u00edneas","robots":{"index":"index","follow":"follow","max-snippet":"max-snippet:-1","max-image-preview":"max-image-preview:large","max-video-preview":"max-video-preview:-1"},"canonical":"https:\/\/reclamatuequipaje.com\/blog\/la-responsabilidad-de-las-aerolineas-ante-la-perdida-de-equipaje-caso-tap-portugal\/","og_locale":"es_ES","og_type":"article","og_title":"La responsabilidad de las aerol\u00edneas ante la p\u00e9rdida de equipaje: Caso TAP Portugal - Blog Reclamatuequipaje","og_description":"La p\u00e9rdida de equipaje facturado es una de las mayores preocupaciones para los pasajeros que viajan en avi\u00f3n. A lo largo de los a\u00f1os, m\u00faltiples aerol\u00edneas","og_url":"https:\/\/reclamatuequipaje.com\/blog\/la-responsabilidad-de-las-aerolineas-ante-la-perdida-de-equipaje-caso-tap-portugal\/","og_site_name":"Blog Reclamatuequipaje","article_published_time":"2024-10-29T05:30:00+00:00","og_image":[{"width":1200,"height":750,"url":"https:\/\/reclamatuequipaje.com\/blog\/wp-content\/uploads\/2024\/10\/SENTENCIA-DE-1500E-DE-INDEMNIZACION-A-LA-AEROLINEA-TAP-PORTUGAL.jpg","type":"image\/jpeg"}],"author":"admin","twitter_card":"summary_large_image","twitter_misc":{"Written by":"admin","Est. reading time":"5 minutos"},"schema":{"@context":"https:\/\/schema.org","@graph":[{"@type":"Article","@id":"https:\/\/reclamatuequipaje.com\/blog\/la-responsabilidad-de-las-aerolineas-ante-la-perdida-de-equipaje-caso-tap-portugal\/#article","isPartOf":{"@id":"https:\/\/reclamatuequipaje.com\/blog\/la-responsabilidad-de-las-aerolineas-ante-la-perdida-de-equipaje-caso-tap-portugal\/"},"author":{"name":"admin","@id":"https:\/\/reclamatuequipaje.com\/blog\/#\/schema\/person\/018905a92870427b1e8f15d87fdc2c8b"},"headline":"La responsabilidad de las aerol\u00edneas ante la p\u00e9rdida de equipaje: Caso TAP Portugal","datePublished":"2024-10-29T05:30:00+00:00","mainEntityOfPage":{"@id":"https:\/\/reclamatuequipaje.com\/blog\/la-responsabilidad-de-las-aerolineas-ante-la-perdida-de-equipaje-caso-tap-portugal\/"},"wordCount":960,"commentCount":0,"publisher":{"@id":"https:\/\/reclamatuequipaje.com\/blog\/#organization"},"image":{"@id":"https:\/\/reclamatuequipaje.com\/blog\/la-responsabilidad-de-las-aerolineas-ante-la-perdida-de-equipaje-caso-tap-portugal\/#primaryimage"},"thumbnailUrl":"https:\/\/reclamatuequipaje.com\/blog\/wp-content\/uploads\/2024\/10\/SENTENCIA-DE-1500E-DE-INDEMNIZACION-A-LA-AEROLINEA-TAP-PORTUGAL.jpg","articleSection":["Reclamar equipaje"],"inLanguage":"es","potentialAction":[{"@type":"CommentAction","name":"Comment","target":["https:\/\/reclamatuequipaje.com\/blog\/la-responsabilidad-de-las-aerolineas-ante-la-perdida-de-equipaje-caso-tap-portugal\/#respond"]}]},{"@type":"WebPage","@id":"https:\/\/reclamatuequipaje.com\/blog\/la-responsabilidad-de-las-aerolineas-ante-la-perdida-de-equipaje-caso-tap-portugal\/","url":"https:\/\/reclamatuequipaje.com\/blog\/la-responsabilidad-de-las-aerolineas-ante-la-perdida-de-equipaje-caso-tap-portugal\/","name":"La responsabilidad de las aerol\u00edneas ante la p\u00e9rdida de equipaje: Caso TAP Portugal - Blog Reclamatuequipaje","isPartOf":{"@id":"https:\/\/reclamatuequipaje.com\/blog\/#website"},"primaryImageOfPage":{"@id":"https:\/\/reclamatuequipaje.com\/blog\/la-responsabilidad-de-las-aerolineas-ante-la-perdida-de-equipaje-caso-tap-portugal\/#primaryimage"},"image":{"@id":"https:\/\/reclamatuequipaje.com\/blog\/la-responsabilidad-de-las-aerolineas-ante-la-perdida-de-equipaje-caso-tap-portugal\/#primaryimage"},"thumbnailUrl":"https:\/\/reclamatuequipaje.com\/blog\/wp-content\/uploads\/2024\/10\/SENTENCIA-DE-1500E-DE-INDEMNIZACION-A-LA-AEROLINEA-TAP-PORTUGAL.jpg","datePublished":"2024-10-29T05:30:00+00:00","description":"La p\u00e9rdida de equipaje facturado es una de las mayores preocupaciones para los pasajeros que viajan en avi\u00f3n. A lo largo de los a\u00f1os, m\u00faltiples aerol\u00edneas","breadcrumb":{"@id":"https:\/\/reclamatuequipaje.com\/blog\/la-responsabilidad-de-las-aerolineas-ante-la-perdida-de-equipaje-caso-tap-portugal\/#breadcrumb"},"inLanguage":"es","potentialAction":[{"@type":"ReadAction","target":["https:\/\/reclamatuequipaje.com\/blog\/la-responsabilidad-de-las-aerolineas-ante-la-perdida-de-equipaje-caso-tap-portugal\/"]}]},{"@type":"ImageObject","inLanguage":"es","@id":"https:\/\/reclamatuequipaje.com\/blog\/la-responsabilidad-de-las-aerolineas-ante-la-perdida-de-equipaje-caso-tap-portugal\/#primaryimage","url":"https:\/\/reclamatuequipaje.com\/blog\/wp-content\/uploads\/2024\/10\/SENTENCIA-DE-1500E-DE-INDEMNIZACION-A-LA-AEROLINEA-TAP-PORTUGAL.jpg","contentUrl":"https:\/\/reclamatuequipaje.com\/blog\/wp-content\/uploads\/2024\/10\/SENTENCIA-DE-1500E-DE-INDEMNIZACION-A-LA-AEROLINEA-TAP-PORTUGAL.jpg","width":1200,"height":750,"caption":"SENTENCIA DE 1500\u20ac DE INDEMNIZACION A LA AEROLINEA TAP PORTUGAL"},{"@type":"BreadcrumbList","@id":"https:\/\/reclamatuequipaje.com\/blog\/la-responsabilidad-de-las-aerolineas-ante-la-perdida-de-equipaje-caso-tap-portugal\/#breadcrumb","itemListElement":[{"@type":"ListItem","position":1,"name":"Home","item":"https:\/\/reclamatuequipaje.com\/blog\/"},{"@type":"ListItem","position":2,"name":"La responsabilidad de las aerol\u00edneas ante la p\u00e9rdida de equipaje: Caso TAP Portugal"}]},{"@type":"WebSite","@id":"https:\/\/reclamatuequipaje.com\/blog\/#website","url":"https:\/\/reclamatuequipaje.com\/blog\/","name":"Blog Reclamatuequipaje","description":"","publisher":{"@id":"https:\/\/reclamatuequipaje.com\/blog\/#organization"},"potentialAction":[{"@type":"SearchAction","target":{"@type":"EntryPoint","urlTemplate":"https:\/\/reclamatuequipaje.com\/blog\/?s={search_term_string}"},"query-input":{"@type":"PropertyValueSpecification","valueRequired":true,"valueName":"search_term_string"}}],"inLanguage":"es"},{"@type":"Organization","@id":"https:\/\/reclamatuequipaje.com\/blog\/#organization","name":"Blog Reclamatuequipaje","url":"https:\/\/reclamatuequipaje.com\/blog\/","logo":{"@type":"ImageObject","inLanguage":"es","@id":"https:\/\/reclamatuequipaje.com\/blog\/#\/schema\/logo\/image\/","url":"https:\/\/reclamatuequipaje.com\/blog\/wp-content\/uploads\/2024\/02\/logo-reclamatuequipaje.com_.jpg","contentUrl":"https:\/\/reclamatuequipaje.com\/blog\/wp-content\/uploads\/2024\/02\/logo-reclamatuequipaje.com_.jpg","width":195,"height":43,"caption":"Blog Reclamatuequipaje"},"image":{"@id":"https:\/\/reclamatuequipaje.com\/blog\/#\/schema\/logo\/image\/"}},{"@type":"Person","@id":"https:\/\/reclamatuequipaje.com\/blog\/#\/schema\/person\/018905a92870427b1e8f15d87fdc2c8b","name":"admin","image":{"@type":"ImageObject","inLanguage":"es","@id":"https:\/\/reclamatuequipaje.com\/blog\/wp-content\/litespeed\/avatar\/8fef0a2568de531f75d6c8a253e8dbd2.jpg?ver=1777470957","url":"https:\/\/reclamatuequipaje.com\/blog\/wp-content\/litespeed\/avatar\/8fef0a2568de531f75d6c8a253e8dbd2.jpg?ver=1777470957","contentUrl":"https:\/\/reclamatuequipaje.com\/blog\/wp-content\/litespeed\/avatar\/8fef0a2568de531f75d6c8a253e8dbd2.jpg?ver=1777470957","caption":"admin"},"sameAs":["https:\/\/reclamatuequipaje.com\/blog"],"url":"https:\/\/reclamatuequipaje.com\/blog\/author\/admin\/"}]}},"_links":{"self":[{"href":"https:\/\/reclamatuequipaje.com\/blog\/wp-json\/wp\/v2\/posts\/106","targetHints":{"allow":["GET"]}}],"collection":[{"href":"https:\/\/reclamatuequipaje.com\/blog\/wp-json\/wp\/v2\/posts"}],"about":[{"href":"https:\/\/reclamatuequipaje.com\/blog\/wp-json\/wp\/v2\/types\/post"}],"author":[{"embeddable":true,"href":"https:\/\/reclamatuequipaje.com\/blog\/wp-json\/wp\/v2\/users\/1"}],"replies":[{"embeddable":true,"href":"https:\/\/reclamatuequipaje.com\/blog\/wp-json\/wp\/v2\/comments?post=106"}],"version-history":[{"count":2,"href":"https:\/\/reclamatuequipaje.com\/blog\/wp-json\/wp\/v2\/posts\/106\/revisions"}],"predecessor-version":[{"id":109,"href":"https:\/\/reclamatuequipaje.com\/blog\/wp-json\/wp\/v2\/posts\/106\/revisions\/109"}],"wp:featuredmedia":[{"embeddable":true,"href":"https:\/\/reclamatuequipaje.com\/blog\/wp-json\/wp\/v2\/media\/108"}],"wp:attachment":[{"href":"https:\/\/reclamatuequipaje.com\/blog\/wp-json\/wp\/v2\/media?parent=106"}],"wp:term":[{"taxonomy":"category","embeddable":true,"href":"https:\/\/reclamatuequipaje.com\/blog\/wp-json\/wp\/v2\/categories?post=106"},{"taxonomy":"post_tag","embeddable":true,"href":"https:\/\/reclamatuequipaje.com\/blog\/wp-json\/wp\/v2\/tags?post=106"}],"curies":[{"name":"wp","href":"https:\/\/api.w.org\/{rel}","templated":true}]}}