{"id":128,"date":"2025-01-17T14:34:25","date_gmt":"2025-01-17T13:34:25","guid":{"rendered":"https:\/\/reclamatuequipaje.com\/blog\/?p=128"},"modified":"2025-01-17T14:34:26","modified_gmt":"2025-01-17T13:34:26","slug":"nueva-normativa-sobre-equipajes-en-la-union-europea","status":"publish","type":"post","link":"https:\/\/reclamatuequipaje.com\/blog\/nueva-normativa-sobre-equipajes-en-la-union-europea\/","title":{"rendered":"Nueva normativa sobre equipajes en la Uni\u00f3n Europea"},"content":{"rendered":"\n<p>La Uni\u00f3n Europea ha establecido una normativa uniforme para el equipaje de mano en todas las aerol\u00edneas que operan en su territorio. A partir de ahora, las dimensiones m\u00e1ximas permitidas para el equipaje de mano ser\u00e1n de 55 x 40 x 20 cm, incluyendo ruedas y asas, con un peso m\u00e1ximo de 10 kg. Adem\u00e1s, se ha determinado que el equipaje \u00abfundamental\u00bb, como bolsos o mochilas peque\u00f1as que puedan colocarse debajo del asiento delantero, deber\u00e1 ser transportado de forma gratuita por las aerol\u00edneas, sin cargos adicionales.<\/p>\n\n\n\n<p>En cuanto a las restricciones de l\u00edquidos en el equipaje de mano, la UE hab\u00eda comenzado a implementar esc\u00e1neres avanzados conocidos como \u00abEsc\u00e1ner C3\u00bb en algunos aeropuertos, los cuales permit\u00edan identificar l\u00edquidos peligrosos sin necesidad de retirarlos del equipaje. Sin embargo, debido a preocupaciones sobre la eficacia de estos dispositivos y su elevado costo, la Comisi\u00f3n Europea ha decidido suspender temporalmente su uso y volver a las medidas de seguridad anteriores. Por lo tanto, los pasajeros deber\u00e1n nuevamente extraer los l\u00edquidos de sus equipajes durante los controles de seguridad en los aeropuertos europeos.<\/p>\n\n\n\n<p>Estas medidas buscan unificar y simplificar las pol\u00edticas de equipaje en la Uni\u00f3n Europea, garantizando una experiencia de viaje m\u00e1s coherente y c\u00f3moda para todos los pasajeros.<\/p>\n\n\n\n<p>Si has tenido alguna<strong> incidencia con tu equipaje,<\/strong> no esperes m\u00e1s. Conseguimos una <strong>indemnizaci\u00f3n<\/strong> para ti sin coste inicial, solo cobramos si ganamos. <\/p>\n\n\n\n<p>\u00bfA qu\u00e9 esperas?<\/p>\n\n\n\n<p class=\"has-text-align-center has-base-color has-accent-background-color has-text-color has-background has-link-color wp-elements-252e7437bf75cb4bf77d935b7ee0ffd8\"><strong><a href=\"https:\/\/reclamatuequipaje.com\/\" target=\"_blank\" rel=\"noreferrer noopener\">RECLAMAR EQUIPAJE YA<\/a><\/strong><\/p>\n","protected":false},"excerpt":{"rendered":"<p>La Uni\u00f3n Europea ha establecido una normativa uniforme para el equipaje de mano en todas las aerol\u00edneas que operan en su territorio. A partir de ahora, las dimensiones m\u00e1ximas permitidas para el equipaje de mano ser\u00e1n de 55 x 40 x 20 cm, incluyendo ruedas y asas, con un peso m\u00e1ximo de 10 kg. Adem\u00e1s, &#8230; <a title=\"Nueva normativa sobre equipajes en la Uni\u00f3n Europea\" class=\"read-more\" href=\"https:\/\/reclamatuequipaje.com\/blog\/nueva-normativa-sobre-equipajes-en-la-union-europea\/\" aria-label=\"M\u00e1s en Nueva normativa sobre equipajes en la Uni\u00f3n Europea\">Leer m\u00e1s<\/a><\/p>\n","protected":false},"author":1,"featured_media":130,"comment_status":"open","ping_status":"open","sticky":false,"template":"","format":"standard","meta":{"footnotes":""},"categories":[1],"tags":[],"class_list":["post-128","post","type-post","status-publish","format-standard","has-post-thumbnail","hentry","category-reclamar-equipaje"],"yoast_head":"<!-- This site is optimized with the Yoast SEO plugin v27.5 - https:\/\/yoast.com\/product\/yoast-seo-wordpress\/ -->\n<title>Nueva normativa sobre equipajes en la Uni\u00f3n Europea - Blog Reclamatuequipaje<\/title>\n<meta name=\"description\" content=\"La Uni\u00f3n Europea ha establecido una normativa uniforme para el equipaje de mano en todas las aerol\u00edneas que operan en su territorio. A partir de ahora,\" \/>\n<meta name=\"robots\" content=\"index, follow, max-snippet:-1, max-image-preview:large, max-video-preview:-1\" \/>\n<link rel=\"canonical\" href=\"https:\/\/reclamatuequipaje.com\/blog\/nueva-normativa-sobre-equipajes-en-la-union-europea\/\" \/>\n<meta property=\"og:locale\" content=\"es_ES\" \/>\n<meta property=\"og:type\" content=\"article\" \/>\n<meta property=\"og:title\" content=\"Nueva normativa sobre equipajes en la Uni\u00f3n Europea - Blog Reclamatuequipaje\" \/>\n<meta property=\"og:description\" content=\"La Uni\u00f3n Europea ha establecido una normativa uniforme para el equipaje de mano en todas las aerol\u00edneas que operan en su territorio. A partir de ahora,\" \/>\n<meta property=\"og:url\" content=\"https:\/\/reclamatuequipaje.com\/blog\/nueva-normativa-sobre-equipajes-en-la-union-europea\/\" \/>\n<meta property=\"og:site_name\" content=\"Blog Reclamatuequipaje\" \/>\n<meta property=\"article:published_time\" content=\"2025-01-17T13:34:25+00:00\" \/>\n<meta property=\"article:modified_time\" content=\"2025-01-17T13:34:26+00:00\" \/>\n<meta property=\"og:image\" content=\"https:\/\/reclamatuequipaje.com\/blog\/wp-content\/uploads\/2025\/01\/nueva-normativa-sobre-equipaje-en-la-ue-reclamatuequipaje.com_.jpg\" \/>\n\t<meta property=\"og:image:width\" content=\"1200\" \/>\n\t<meta property=\"og:image:height\" content=\"750\" \/>\n\t<meta property=\"og:image:type\" content=\"image\/jpeg\" \/>\n<meta name=\"author\" content=\"admin\" \/>\n<meta name=\"twitter:card\" content=\"summary_large_image\" \/>\n<meta name=\"twitter:label1\" content=\"Written by\" \/>\n\t<meta name=\"twitter:data1\" content=\"admin\" \/>\n\t<meta name=\"twitter:label2\" content=\"Est. reading time\" \/>\n\t<meta name=\"twitter:data2\" content=\"2 minutos\" \/>\n<script type=\"application\/ld+json\" class=\"yoast-schema-graph\">{\"@context\":\"https:\\\/\\\/schema.org\",\"@graph\":[{\"@type\":\"Article\",\"@id\":\"https:\\\/\\\/reclamatuequipaje.com\\\/blog\\\/nueva-normativa-sobre-equipajes-en-la-union-europea\\\/#article\",\"isPartOf\":{\"@id\":\"https:\\\/\\\/reclamatuequipaje.com\\\/blog\\\/nueva-normativa-sobre-equipajes-en-la-union-europea\\\/\"},\"author\":{\"name\":\"admin\",\"@id\":\"https:\\\/\\\/reclamatuequipaje.com\\\/blog\\\/#\\\/schema\\\/person\\\/018905a92870427b1e8f15d87fdc2c8b\"},\"headline\":\"Nueva normativa sobre equipajes en la Uni\u00f3n Europea\",\"datePublished\":\"2025-01-17T13:34:25+00:00\",\"dateModified\":\"2025-01-17T13:34:26+00:00\",\"mainEntityOfPage\":{\"@id\":\"https:\\\/\\\/reclamatuequipaje.com\\\/blog\\\/nueva-normativa-sobre-equipajes-en-la-union-europea\\\/\"},\"wordCount\":263,\"commentCount\":0,\"publisher\":{\"@id\":\"https:\\\/\\\/reclamatuequipaje.com\\\/blog\\\/#organization\"},\"image\":{\"@id\":\"https:\\\/\\\/reclamatuequipaje.com\\\/blog\\\/nueva-normativa-sobre-equipajes-en-la-union-europea\\\/#primaryimage\"},\"thumbnailUrl\":\"https:\\\/\\\/reclamatuequipaje.com\\\/blog\\\/wp-content\\\/uploads\\\/2025\\\/01\\\/nueva-normativa-sobre-equipaje-en-la-ue-reclamatuequipaje.com_.jpg\",\"articleSection\":[\"Reclamar equipaje\"],\"inLanguage\":\"es\",\"potentialAction\":[{\"@type\":\"CommentAction\",\"name\":\"Comment\",\"target\":[\"https:\\\/\\\/reclamatuequipaje.com\\\/blog\\\/nueva-normativa-sobre-equipajes-en-la-union-europea\\\/#respond\"]}]},{\"@type\":\"WebPage\",\"@id\":\"https:\\\/\\\/reclamatuequipaje.com\\\/blog\\\/nueva-normativa-sobre-equipajes-en-la-union-europea\\\/\",\"url\":\"https:\\\/\\\/reclamatuequipaje.com\\\/blog\\\/nueva-normativa-sobre-equipajes-en-la-union-europea\\\/\",\"name\":\"Nueva normativa sobre equipajes en la Uni\u00f3n Europea - Blog Reclamatuequipaje\",\"isPartOf\":{\"@id\":\"https:\\\/\\\/reclamatuequipaje.com\\\/blog\\\/#website\"},\"primaryImageOfPage\":{\"@id\":\"https:\\\/\\\/reclamatuequipaje.com\\\/blog\\\/nueva-normativa-sobre-equipajes-en-la-union-europea\\\/#primaryimage\"},\"image\":{\"@id\":\"https:\\\/\\\/reclamatuequipaje.com\\\/blog\\\/nueva-normativa-sobre-equipajes-en-la-union-europea\\\/#primaryimage\"},\"thumbnailUrl\":\"https:\\\/\\\/reclamatuequipaje.com\\\/blog\\\/wp-content\\\/uploads\\\/2025\\\/01\\\/nueva-normativa-sobre-equipaje-en-la-ue-reclamatuequipaje.com_.jpg\",\"datePublished\":\"2025-01-17T13:34:25+00:00\",\"dateModified\":\"2025-01-17T13:34:26+00:00\",\"description\":\"La Uni\u00f3n Europea ha establecido una normativa uniforme para el equipaje de mano en todas las aerol\u00edneas que operan en su territorio. A partir de ahora,\",\"breadcrumb\":{\"@id\":\"https:\\\/\\\/reclamatuequipaje.com\\\/blog\\\/nueva-normativa-sobre-equipajes-en-la-union-europea\\\/#breadcrumb\"},\"inLanguage\":\"es\",\"potentialAction\":[{\"@type\":\"ReadAction\",\"target\":[\"https:\\\/\\\/reclamatuequipaje.com\\\/blog\\\/nueva-normativa-sobre-equipajes-en-la-union-europea\\\/\"]}]},{\"@type\":\"ImageObject\",\"inLanguage\":\"es\",\"@id\":\"https:\\\/\\\/reclamatuequipaje.com\\\/blog\\\/nueva-normativa-sobre-equipajes-en-la-union-europea\\\/#primaryimage\",\"url\":\"https:\\\/\\\/reclamatuequipaje.com\\\/blog\\\/wp-content\\\/uploads\\\/2025\\\/01\\\/nueva-normativa-sobre-equipaje-en-la-ue-reclamatuequipaje.com_.jpg\",\"contentUrl\":\"https:\\\/\\\/reclamatuequipaje.com\\\/blog\\\/wp-content\\\/uploads\\\/2025\\\/01\\\/nueva-normativa-sobre-equipaje-en-la-ue-reclamatuequipaje.com_.jpg\",\"width\":1200,\"height\":750,\"caption\":\"nueva normativa sobre equipajes en la uni\u00f3n europea\"},{\"@type\":\"BreadcrumbList\",\"@id\":\"https:\\\/\\\/reclamatuequipaje.com\\\/blog\\\/nueva-normativa-sobre-equipajes-en-la-union-europea\\\/#breadcrumb\",\"itemListElement\":[{\"@type\":\"ListItem\",\"position\":1,\"name\":\"Home\",\"item\":\"https:\\\/\\\/reclamatuequipaje.com\\\/blog\\\/\"},{\"@type\":\"ListItem\",\"position\":2,\"name\":\"Nueva normativa sobre equipajes en la Uni\u00f3n Europea\"}]},{\"@type\":\"WebSite\",\"@id\":\"https:\\\/\\\/reclamatuequipaje.com\\\/blog\\\/#website\",\"url\":\"https:\\\/\\\/reclamatuequipaje.com\\\/blog\\\/\",\"name\":\"Blog Reclamatuequipaje\",\"description\":\"\",\"publisher\":{\"@id\":\"https:\\\/\\\/reclamatuequipaje.com\\\/blog\\\/#organization\"},\"potentialAction\":[{\"@type\":\"SearchAction\",\"target\":{\"@type\":\"EntryPoint\",\"urlTemplate\":\"https:\\\/\\\/reclamatuequipaje.com\\\/blog\\\/?s={search_term_string}\"},\"query-input\":{\"@type\":\"PropertyValueSpecification\",\"valueRequired\":true,\"valueName\":\"search_term_string\"}}],\"inLanguage\":\"es\"},{\"@type\":\"Organization\",\"@id\":\"https:\\\/\\\/reclamatuequipaje.com\\\/blog\\\/#organization\",\"name\":\"Blog Reclamatuequipaje\",\"url\":\"https:\\\/\\\/reclamatuequipaje.com\\\/blog\\\/\",\"logo\":{\"@type\":\"ImageObject\",\"inLanguage\":\"es\",\"@id\":\"https:\\\/\\\/reclamatuequipaje.com\\\/blog\\\/#\\\/schema\\\/logo\\\/image\\\/\",\"url\":\"https:\\\/\\\/reclamatuequipaje.com\\\/blog\\\/wp-content\\\/uploads\\\/2024\\\/02\\\/logo-reclamatuequipaje.com_.jpg\",\"contentUrl\":\"https:\\\/\\\/reclamatuequipaje.com\\\/blog\\\/wp-content\\\/uploads\\\/2024\\\/02\\\/logo-reclamatuequipaje.com_.jpg\",\"width\":195,\"height\":43,\"caption\":\"Blog Reclamatuequipaje\"},\"image\":{\"@id\":\"https:\\\/\\\/reclamatuequipaje.com\\\/blog\\\/#\\\/schema\\\/logo\\\/image\\\/\"}},{\"@type\":\"Person\",\"@id\":\"https:\\\/\\\/reclamatuequipaje.com\\\/blog\\\/#\\\/schema\\\/person\\\/018905a92870427b1e8f15d87fdc2c8b\",\"name\":\"admin\",\"image\":{\"@type\":\"ImageObject\",\"inLanguage\":\"es\",\"@id\":\"https:\\\/\\\/reclamatuequipaje.com\\\/blog\\\/wp-content\\\/litespeed\\\/avatar\\\/8fef0a2568de531f75d6c8a253e8dbd2.jpg?ver=1777470957\",\"url\":\"https:\\\/\\\/reclamatuequipaje.com\\\/blog\\\/wp-content\\\/litespeed\\\/avatar\\\/8fef0a2568de531f75d6c8a253e8dbd2.jpg?ver=1777470957\",\"contentUrl\":\"https:\\\/\\\/reclamatuequipaje.com\\\/blog\\\/wp-content\\\/litespeed\\\/avatar\\\/8fef0a2568de531f75d6c8a253e8dbd2.jpg?ver=1777470957\",\"caption\":\"admin\"},\"sameAs\":[\"https:\\\/\\\/reclamatuequipaje.com\\\/blog\"],\"url\":\"https:\\\/\\\/reclamatuequipaje.com\\\/blog\\\/author\\\/admin\\\/\"}]}<\/script>\n<!-- \/ Yoast SEO plugin. -->","yoast_head_json":{"title":"Nueva normativa sobre equipajes en la Uni\u00f3n Europea - Blog Reclamatuequipaje","description":"La Uni\u00f3n Europea ha establecido una normativa uniforme para el equipaje de mano en todas las aerol\u00edneas que operan en su territorio. A partir de ahora,","robots":{"index":"index","follow":"follow","max-snippet":"max-snippet:-1","max-image-preview":"max-image-preview:large","max-video-preview":"max-video-preview:-1"},"canonical":"https:\/\/reclamatuequipaje.com\/blog\/nueva-normativa-sobre-equipajes-en-la-union-europea\/","og_locale":"es_ES","og_type":"article","og_title":"Nueva normativa sobre equipajes en la Uni\u00f3n Europea - Blog Reclamatuequipaje","og_description":"La Uni\u00f3n Europea ha establecido una normativa uniforme para el equipaje de mano en todas las aerol\u00edneas que operan en su territorio. A partir de ahora,","og_url":"https:\/\/reclamatuequipaje.com\/blog\/nueva-normativa-sobre-equipajes-en-la-union-europea\/","og_site_name":"Blog Reclamatuequipaje","article_published_time":"2025-01-17T13:34:25+00:00","article_modified_time":"2025-01-17T13:34:26+00:00","og_image":[{"width":1200,"height":750,"url":"https:\/\/reclamatuequipaje.com\/blog\/wp-content\/uploads\/2025\/01\/nueva-normativa-sobre-equipaje-en-la-ue-reclamatuequipaje.com_.jpg","type":"image\/jpeg"}],"author":"admin","twitter_card":"summary_large_image","twitter_misc":{"Written by":"admin","Est. reading time":"2 minutos"},"schema":{"@context":"https:\/\/schema.org","@graph":[{"@type":"Article","@id":"https:\/\/reclamatuequipaje.com\/blog\/nueva-normativa-sobre-equipajes-en-la-union-europea\/#article","isPartOf":{"@id":"https:\/\/reclamatuequipaje.com\/blog\/nueva-normativa-sobre-equipajes-en-la-union-europea\/"},"author":{"name":"admin","@id":"https:\/\/reclamatuequipaje.com\/blog\/#\/schema\/person\/018905a92870427b1e8f15d87fdc2c8b"},"headline":"Nueva normativa sobre equipajes en la Uni\u00f3n Europea","datePublished":"2025-01-17T13:34:25+00:00","dateModified":"2025-01-17T13:34:26+00:00","mainEntityOfPage":{"@id":"https:\/\/reclamatuequipaje.com\/blog\/nueva-normativa-sobre-equipajes-en-la-union-europea\/"},"wordCount":263,"commentCount":0,"publisher":{"@id":"https:\/\/reclamatuequipaje.com\/blog\/#organization"},"image":{"@id":"https:\/\/reclamatuequipaje.com\/blog\/nueva-normativa-sobre-equipajes-en-la-union-europea\/#primaryimage"},"thumbnailUrl":"https:\/\/reclamatuequipaje.com\/blog\/wp-content\/uploads\/2025\/01\/nueva-normativa-sobre-equipaje-en-la-ue-reclamatuequipaje.com_.jpg","articleSection":["Reclamar equipaje"],"inLanguage":"es","potentialAction":[{"@type":"CommentAction","name":"Comment","target":["https:\/\/reclamatuequipaje.com\/blog\/nueva-normativa-sobre-equipajes-en-la-union-europea\/#respond"]}]},{"@type":"WebPage","@id":"https:\/\/reclamatuequipaje.com\/blog\/nueva-normativa-sobre-equipajes-en-la-union-europea\/","url":"https:\/\/reclamatuequipaje.com\/blog\/nueva-normativa-sobre-equipajes-en-la-union-europea\/","name":"Nueva normativa sobre equipajes en la Uni\u00f3n Europea - Blog Reclamatuequipaje","isPartOf":{"@id":"https:\/\/reclamatuequipaje.com\/blog\/#website"},"primaryImageOfPage":{"@id":"https:\/\/reclamatuequipaje.com\/blog\/nueva-normativa-sobre-equipajes-en-la-union-europea\/#primaryimage"},"image":{"@id":"https:\/\/reclamatuequipaje.com\/blog\/nueva-normativa-sobre-equipajes-en-la-union-europea\/#primaryimage"},"thumbnailUrl":"https:\/\/reclamatuequipaje.com\/blog\/wp-content\/uploads\/2025\/01\/nueva-normativa-sobre-equipaje-en-la-ue-reclamatuequipaje.com_.jpg","datePublished":"2025-01-17T13:34:25+00:00","dateModified":"2025-01-17T13:34:26+00:00","description":"La Uni\u00f3n Europea ha establecido una normativa uniforme para el equipaje de mano en todas las aerol\u00edneas que operan en su territorio. A partir de ahora,","breadcrumb":{"@id":"https:\/\/reclamatuequipaje.com\/blog\/nueva-normativa-sobre-equipajes-en-la-union-europea\/#breadcrumb"},"inLanguage":"es","potentialAction":[{"@type":"ReadAction","target":["https:\/\/reclamatuequipaje.com\/blog\/nueva-normativa-sobre-equipajes-en-la-union-europea\/"]}]},{"@type":"ImageObject","inLanguage":"es","@id":"https:\/\/reclamatuequipaje.com\/blog\/nueva-normativa-sobre-equipajes-en-la-union-europea\/#primaryimage","url":"https:\/\/reclamatuequipaje.com\/blog\/wp-content\/uploads\/2025\/01\/nueva-normativa-sobre-equipaje-en-la-ue-reclamatuequipaje.com_.jpg","contentUrl":"https:\/\/reclamatuequipaje.com\/blog\/wp-content\/uploads\/2025\/01\/nueva-normativa-sobre-equipaje-en-la-ue-reclamatuequipaje.com_.jpg","width":1200,"height":750,"caption":"nueva normativa sobre equipajes en la uni\u00f3n europea"},{"@type":"BreadcrumbList","@id":"https:\/\/reclamatuequipaje.com\/blog\/nueva-normativa-sobre-equipajes-en-la-union-europea\/#breadcrumb","itemListElement":[{"@type":"ListItem","position":1,"name":"Home","item":"https:\/\/reclamatuequipaje.com\/blog\/"},{"@type":"ListItem","position":2,"name":"Nueva normativa sobre equipajes en la Uni\u00f3n Europea"}]},{"@type":"WebSite","@id":"https:\/\/reclamatuequipaje.com\/blog\/#website","url":"https:\/\/reclamatuequipaje.com\/blog\/","name":"Blog Reclamatuequipaje","description":"","publisher":{"@id":"https:\/\/reclamatuequipaje.com\/blog\/#organization"},"potentialAction":[{"@type":"SearchAction","target":{"@type":"EntryPoint","urlTemplate":"https:\/\/reclamatuequipaje.com\/blog\/?s={search_term_string}"},"query-input":{"@type":"PropertyValueSpecification","valueRequired":true,"valueName":"search_term_string"}}],"inLanguage":"es"},{"@type":"Organization","@id":"https:\/\/reclamatuequipaje.com\/blog\/#organization","name":"Blog Reclamatuequipaje","url":"https:\/\/reclamatuequipaje.com\/blog\/","logo":{"@type":"ImageObject","inLanguage":"es","@id":"https:\/\/reclamatuequipaje.com\/blog\/#\/schema\/logo\/image\/","url":"https:\/\/reclamatuequipaje.com\/blog\/wp-content\/uploads\/2024\/02\/logo-reclamatuequipaje.com_.jpg","contentUrl":"https:\/\/reclamatuequipaje.com\/blog\/wp-content\/uploads\/2024\/02\/logo-reclamatuequipaje.com_.jpg","width":195,"height":43,"caption":"Blog Reclamatuequipaje"},"image":{"@id":"https:\/\/reclamatuequipaje.com\/blog\/#\/schema\/logo\/image\/"}},{"@type":"Person","@id":"https:\/\/reclamatuequipaje.com\/blog\/#\/schema\/person\/018905a92870427b1e8f15d87fdc2c8b","name":"admin","image":{"@type":"ImageObject","inLanguage":"es","@id":"https:\/\/reclamatuequipaje.com\/blog\/wp-content\/litespeed\/avatar\/8fef0a2568de531f75d6c8a253e8dbd2.jpg?ver=1777470957","url":"https:\/\/reclamatuequipaje.com\/blog\/wp-content\/litespeed\/avatar\/8fef0a2568de531f75d6c8a253e8dbd2.jpg?ver=1777470957","contentUrl":"https:\/\/reclamatuequipaje.com\/blog\/wp-content\/litespeed\/avatar\/8fef0a2568de531f75d6c8a253e8dbd2.jpg?ver=1777470957","caption":"admin"},"sameAs":["https:\/\/reclamatuequipaje.com\/blog"],"url":"https:\/\/reclamatuequipaje.com\/blog\/author\/admin\/"}]}},"_links":{"self":[{"href":"https:\/\/reclamatuequipaje.com\/blog\/wp-json\/wp\/v2\/posts\/128","targetHints":{"allow":["GET"]}}],"collection":[{"href":"https:\/\/reclamatuequipaje.com\/blog\/wp-json\/wp\/v2\/posts"}],"about":[{"href":"https:\/\/reclamatuequipaje.com\/blog\/wp-json\/wp\/v2\/types\/post"}],"author":[{"embeddable":true,"href":"https:\/\/reclamatuequipaje.com\/blog\/wp-json\/wp\/v2\/users\/1"}],"replies":[{"embeddable":true,"href":"https:\/\/reclamatuequipaje.com\/blog\/wp-json\/wp\/v2\/comments?post=128"}],"version-history":[{"count":2,"href":"https:\/\/reclamatuequipaje.com\/blog\/wp-json\/wp\/v2\/posts\/128\/revisions"}],"predecessor-version":[{"id":131,"href":"https:\/\/reclamatuequipaje.com\/blog\/wp-json\/wp\/v2\/posts\/128\/revisions\/131"}],"wp:featuredmedia":[{"embeddable":true,"href":"https:\/\/reclamatuequipaje.com\/blog\/wp-json\/wp\/v2\/media\/130"}],"wp:attachment":[{"href":"https:\/\/reclamatuequipaje.com\/blog\/wp-json\/wp\/v2\/media?parent=128"}],"wp:term":[{"taxonomy":"category","embeddable":true,"href":"https:\/\/reclamatuequipaje.com\/blog\/wp-json\/wp\/v2\/categories?post=128"},{"taxonomy":"post_tag","embeddable":true,"href":"https:\/\/reclamatuequipaje.com\/blog\/wp-json\/wp\/v2\/tags?post=128"}],"curies":[{"name":"wp","href":"https:\/\/api.w.org\/{rel}","templated":true}]}}