{"id":67,"date":"2024-08-13T18:37:46","date_gmt":"2024-08-13T16:37:46","guid":{"rendered":"https:\/\/reclamatuequipaje.com\/blog\/?p=67"},"modified":"2024-09-13T13:51:10","modified_gmt":"2024-09-13T11:51:10","slug":"que-hacer-si-pierdes-tu-maleta-guia-completa-para-reclamar-segun-el-convenio-europeo","status":"publish","type":"post","link":"https:\/\/reclamatuequipaje.com\/blog\/que-hacer-si-pierdes-tu-maleta-guia-completa-para-reclamar-segun-el-convenio-europeo\/","title":{"rendered":"\u00bfQu\u00e9 hacer si pierdes tu maleta? Gu\u00eda completa para reclamar seg\u00fan el Convenio Europeo"},"content":{"rendered":"\n<p>Viajar es una experiencia emocionante, pero tambi\u00e9n puede presentar desaf\u00edos inesperados, como la p\u00e9rdida de tu maleta. Si te encuentras en esta situaci\u00f3n durante un vuelo en la Uni\u00f3n Europea, es crucial saber c\u00f3mo actuar para asegurar una compensaci\u00f3n adecuada seg\u00fan las normativas vigentes. En esta gu\u00eda te explicamos detalladamente qu\u00e9 hacer si pierdes tu maleta y c\u00f3mo reclamar tus derechos de acuerdo con el reglamento europeo.<\/p>\n\n\n\n<p class=\"has-text-align-center has-base-2-color has-accent-background-color has-text-color has-background has-link-color has-medium-font-size wp-elements-6a333a1a38c58922f535c493b265d363\"><strong><a href=\"https:\/\/reclamatuequipaje.com\/#reclamacionForm\" target=\"_blank\" rel=\"noreferrer noopener\">CALCULA TU INDEMNIZACI\u00d3N POR EQUIPAJE CON NOSOTROS<\/a><\/strong><\/p>\n\n\n\n<h3 class=\"wp-block-heading\">Pasos a seguir al descubrir que tu maleta no ha llegado<\/h3>\n\n\n\n<p>Imagina que esperas frente a la cinta de equipaje y ves c\u00f3mo pasan las maletas de otros pasajeros, pero la tuya no aparece. Mant\u00e9n la calma y sigue estos pasos clave.<\/p>\n\n\n\n<p><strong>1. Acude al mostrador de la aerol\u00ednea<\/strong><\/p>\n\n\n\n<p>Lo primero que debes hacer es dirigirte al mostrador de la aerol\u00ednea con la que viajaste. Es fundamental informar de la p\u00e9rdida de tu maleta antes de abandonar el aeropuerto. Aqu\u00ed, te pedir\u00e1n detalles espec\u00edficos sobre tu equipaje y te proporcionar\u00e1n un n\u00famero de referencia para el seguimiento de tu reclamo.<\/p>\n\n\n\n<p><strong>2. Completa el formulario PIR (Parte de Irregularidad de equipaje)<\/strong><\/p>\n\n\n\n<p>El siguiente paso es rellenar el formulario <a href=\"https:\/\/reclamatuequipaje.com\/blog\/pir-equipaje-todo-lo-que-necesitas-saber-sobre-el-parte-de-irregularidad-de-equipaje-pir\/\" target=\"_blank\" rel=\"noreferrer noopener\">PIR equipaje<\/a> (<strong>Parte de Irregularidad de equipaje)<\/strong>). Este documento es esencial para iniciar la b\u00fasqueda de tu maleta y para cualquier futura reclamaci\u00f3n. Aseg\u00farate de proporcionar la informaci\u00f3n con precisi\u00f3n para facilitar el proceso.<\/p>\n\n\n\n<p><strong>3. Guarda tu comprobante de equipaje<\/strong><\/p>\n\n\n\n<p>Es vital conservar el comprobante de equipaje que te dieron al facturar tu maleta. Este documento, junto con el PIR, ser\u00e1 crucial en cualquier comunicaci\u00f3n posterior con la aerol\u00ednea sobre la localizaci\u00f3n o compensaci\u00f3n de tu maleta.<\/p>\n\n\n\n<h3 class=\"wp-block-heading\">\u00bfQu\u00e9 sucede despu\u00e9s de reportar la p\u00e9rdida?<\/h3>\n\n\n\n<p>Una vez que has reportado la p\u00e9rdida de tu maleta, la aerol\u00ednea comenzar\u00e1 el proceso de rastreo para localizarla. En la mayor\u00eda de los casos, las maletas extraviadas suelen recuperarse y devolverse en un plazo de 24 a 48 horas.<\/p>\n\n\n\n<p><strong>1. Seguimiento del equipaje<\/strong><\/p>\n\n\n\n<p>La aerol\u00ednea emplear\u00e1 sistemas de rastreo para localizar tu maleta. En algunos casos, podr\u00e1s recibir actualizaciones a trav\u00e9s de la p\u00e1gina web de la aerol\u00ednea o mediante notificaciones enviadas a tu correo electr\u00f3nico. Mantente al tanto de estas actualizaciones.<\/p>\n\n\n\n<p><strong>2. Compensaci\u00f3n por retraso en la entrega<\/strong><\/p>\n\n\n\n<p>Si tu maleta no es localizada en un tiempo razonable, la aerol\u00ednea tiene la obligaci\u00f3n de cubrir los gastos de primera necesidad que hayas incurrido debido al retraso, como la compra de ropa y art\u00edculos de aseo personal. Guarda todos los recibos de estos gastos para poder reclamarlos posteriormente.<\/p>\n\n\n\n<h2 class=\"wp-block-heading\">\u00bfQu\u00e9 hacer si tu maleta no aparece?<\/h2>\n\n\n\n<p>Si, tras varios d\u00edas, la aerol\u00ednea no logra localizar tu maleta, esta se considerar\u00e1 oficialmente como perdida. En este caso, tienes derecho a recibir una compensaci\u00f3n conforme al reglamento europeo.<\/p>\n\n\n\n<p class=\"has-text-align-center has-base-2-color has-accent-background-color has-text-color has-background has-link-color has-medium-font-size wp-elements-6a333a1a38c58922f535c493b265d363\"><strong><a href=\"https:\/\/reclamatuequipaje.com\/#reclamacionForm\" target=\"_blank\" rel=\"noreferrer noopener\">CALCULA TU INDEMNIZACI\u00d3N POR EQUIPAJE CON NOSOTROS<\/a><\/strong><\/p>\n\n\n\n<p><strong>1. Reclamar la compensaci\u00f3n<\/strong><\/p>\n\n\n\n<p>De acuerdo con el <a href=\"https:\/\/www.boe.es\/buscar\/doc.php?id=DOUE-L-2004-80291\" target=\"_blank\" rel=\"noreferrer noopener\">Reglamento (CE) N.\u00ba 261\/2004<\/a>, puedes reclamar una <strong><a href=\"https:\/\/reclamatuequipaje.com\" target=\"_blank\" rel=\"noreferrer noopener\">indemnizaci\u00f3n por maleta perdida<\/a><\/strong> si tu equipaje no es localizado. La compensaci\u00f3n puede alcanzar hasta 1.288 derechos especiales de giro (DEG), equivalentes a aproximadamente 1.500 euros, cubriendo tanto el valor del equipaje como su contenido.<\/p>\n\n\n\n<p><strong>2. Procedimiento para reclamar<\/strong><\/p>\n\n\n\n<p>Para solicitar la compensaci\u00f3n, debes presentar una solicitud formal a la aerol\u00ednea, adjuntando el formulario PIR, el comprobante de equipaje, y una lista detallada del contenido de la maleta con su valor aproximado. Es recomendable hacer este proceso lo antes posible y siempre dentro del plazo de 21 d\u00edas desde la fecha del vuelo.<\/p>\n\n\n\n<h2 class=\"wp-block-heading\">Conoce tus derechos como pasajero seg\u00fan el reglamento europeo<\/h2>\n\n\n\n<p>Es fundamental conocer los derechos que te otorga el reglamento europeo para que puedas hacerlos valer en caso de p\u00e9rdida de equipaje.<\/p>\n\n\n\n<p><strong>1. Reglamento (CE) N.\u00ba 261\/2004<\/strong><\/p>\n\n\n\n<p>Este reglamento establece los <a href=\"https:\/\/reclamatuequipaje.com\/derechos-pasajero.php\" target=\"_blank\" rel=\"noreferrer noopener\">derechos de los pasajeros<\/a> en transporte a\u00e9reo, incluyendo la compensaci\u00f3n por cancelaciones, retrasos y p\u00e9rdida de equipaje. Seg\u00fan esta normativa, la aerol\u00ednea es responsable de la p\u00e9rdida o da\u00f1o de las maletas y debe compensar al pasajero adecuadamente.<\/p>\n\n\n\n<p><strong>2. Derechos adicionales<\/strong><\/p>\n\n\n\n<p>Adem\u00e1s de la compensaci\u00f3n por el valor de la maleta y su contenido, tienes derecho a recibir reembolsos por los gastos realizados debido al retraso en la entrega de tu equipaje. Aseg\u00farate de presentar estos reclamos dentro de los plazos establecidos y con la documentaci\u00f3n adecuada.<\/p>\n\n\n\n<p class=\"has-text-align-center has-base-2-color has-accent-background-color has-text-color has-background has-link-color has-medium-font-size wp-elements-6a333a1a38c58922f535c493b265d363\"><strong><a href=\"https:\/\/reclamatuequipaje.com\/#reclamacionForm\" target=\"_blank\" rel=\"noreferrer noopener\">CALCULA TU INDEMNIZACI\u00d3N POR EQUIPAJE CON NOSOTROS<\/a><\/strong><\/p>\n\n\n\n<h2 class=\"wp-block-heading\">Consejos para minimizar el riesgo de perder tu equipaje<\/h2>\n\n\n\n<p>Aunque no siempre podemos evitar la p\u00e9rdida de nuestro equipaje, hay algunas medidas que puedes tomar para reducir este riesgo.<\/p>\n\n\n\n<p><strong>1. Etiqueta correctamente tu maleta<\/strong><\/p>\n\n\n\n<p>Aseg\u00farate de que tu maleta est\u00e9 etiquetada con tu nombre, direcci\u00f3n y n\u00famero de tel\u00e9fono, tanto en el exterior como en el interior. Esto facilita su identificaci\u00f3n en caso de p\u00e9rdida.<\/p>\n\n\n\n<p><strong>2. Opta por un equipaje llamativo<\/strong><\/p>\n\n\n\n<p>Elige una maleta de color llamativo o con un dise\u00f1o \u00fanico. Esto no solo facilita su identificaci\u00f3n, sino que tambi\u00e9n reduce el riesgo de que otro pasajero la tome por error.<\/p>\n\n\n\n<p><strong>3. No factures art\u00edculos valiosos<\/strong><\/p>\n\n\n\n<p>Es recomendable no facturar art\u00edculos de valor como dispositivos electr\u00f3nicos, joyas o documentos importantes. Lleva estos objetos en tu equipaje de mano para evitar su p\u00e9rdida.<\/p>\n\n\n\n<p><strong>4. Fotograf\u00eda tu maleta y su contenido<\/strong><\/p>\n\n\n\n<p>Antes de viajar, toma fotograf\u00edas del exterior de tu maleta y de los art\u00edculos m\u00e1s importantes que lleves dentro. Esto te servir\u00e1 como evidencia en caso de que necesites reclamar una compensaci\u00f3n.<\/p>\n\n\n\n<p>No olvides tomar precauciones antes de viajar para minimizar los riesgos y asegurarte un viaje sin contratiempos. Nos vemos en los aeropuertos y, recuerda, que puedes acudir a nosotros si necesitas ayuda con la <a href=\"https:\/\/reclamatuequipaje.com\/\" target=\"_blank\" rel=\"noreferrer noopener\">reclamaci\u00f3n por una maleta p\u00e9rdida<\/a> a la<a href=\"https:\/\/reclamatuequipaje.com\/reclamar-equipaje-aerolineas.php\" target=\"_blank\" rel=\"noreferrer noopener\"> aerol\u00ednea<\/a>.<\/p>\n\n\n\n<p class=\"has-text-align-center has-base-2-color has-accent-background-color has-text-color has-background has-link-color has-medium-font-size wp-elements-6a333a1a38c58922f535c493b265d363\"><strong><a href=\"https:\/\/reclamatuequipaje.com\/#reclamacionForm\" target=\"_blank\" rel=\"noreferrer noopener\">CALCULA TU INDEMNIZACI\u00d3N POR EQUIPAJE CON NOSOTROS<\/a><\/strong><\/p>\n\n\n\n<h3 class=\"wp-block-heading\"><strong>Preguntas Frecuentes (FAQs)<\/strong><\/h3>\n\n\n\n<p><strong>1. \u00bfCu\u00e1nto tiempo tengo para reclamar la p\u00e9rdida de mi maleta?<\/strong><\/p>\n\n\n\n<p>Tienes un plazo de 21 d\u00edas para presentar una reclamaci\u00f3n formal ante la aerol\u00ednea si tu maleta se considera perdida.<\/p>\n\n\n\n<p><strong>2. \u00bfQu\u00e9 hago si mi maleta est\u00e1 da\u00f1ada en lugar de perdida?<\/strong><\/p>\n\n\n\n<p>Debes reportarlo a la aerol\u00ednea tan pronto como descubras el da\u00f1o. La aerol\u00ednea est\u00e1 obligada a reparar el da\u00f1o o compensarte por \u00e9l, de acuerdo con el reglamento europeo.<\/p>\n\n\n\n<p><strong>3. \u00bfPuedo reclamar gastos por el retraso en la entrega de mi maleta?<\/strong><\/p>\n\n\n\n<p>S\u00ed, puedes reclamar el reembolso de los gastos de primera necesidad que hayas realizado debido al retraso en la entrega de tu maleta. Aseg\u00farate de guardar todos los recibos.<\/p>\n\n\n\n<p><strong>4. \u00bfQu\u00e9 documentos necesito para presentar una reclamaci\u00f3n?<\/strong><\/p>\n\n\n\n<p>Necesitar\u00e1s el formulario PIR, tu comprobante de equipaje, una lista del contenido de tu maleta con su valor aproximado, y cualquier recibo de gastos realizados debido al retraso.<\/p>\n\n\n\n<p><strong>5. \u00bfQu\u00e9 pasa si la aerol\u00ednea no responde a mi reclamaci\u00f3n?<\/strong><\/p>\n\n\n\n<p>Si la aerol\u00ednea no responde o no te ofrece una soluci\u00f3n satisfactoria, puedes presentar una reclamaci\u00f3n ante las autoridades de aviaci\u00f3n civil o recurrir a un abogado especializado en derechos de los pasajeros.<\/p>\n\n\n\n<script type=\"application\/ld+json\">\n{\n  \"@context\": \"https:\/\/schema.org\",\n  \"@type\": \"FAQPage\",\n  \"mainEntity\": [\n    {\n      \"@type\": \"Question\",\n      \"name\": \"\u00bfCu\u00e1nto tiempo tengo para reclamar la p\u00e9rdida de mi maleta?\",\n      \"acceptedAnswer\": {\n        \"@type\": \"Answer\",\n        \"text\": \"Tienes un plazo de 21 d\u00edas para presentar una reclamaci\u00f3n formal ante la aerol\u00ednea si tu maleta se considera perdida.\"\n      }\n    },\n    {\n      \"@type\": \"Question\",\n      \"name\": \"\u00bfQu\u00e9 hago si mi maleta est\u00e1 da\u00f1ada en lugar de perdida?\",\n      \"acceptedAnswer\": {\n        \"@type\": \"Answer\",\n        \"text\": \"Debes reportarlo a la aerol\u00ednea tan pronto como descubras el da\u00f1o. La aerol\u00ednea est\u00e1 obligada a reparar el da\u00f1o o compensarte por \u00e9l, de acuerdo con el reglamento europeo.\"\n      }\n    },\n    {\n      \"@type\": \"Question\",\n      \"name\": \"\u00bfPuedo reclamar gastos por el retraso en la entrega de mi maleta?\",\n      \"acceptedAnswer\": {\n        \"@type\": \"Answer\",\n        \"text\": \"S\u00ed, puedes reclamar el reembolso de los gastos de primera necesidad que hayas realizado debido al retraso en la entrega de tu maleta. Aseg\u00farate de guardar todos los recibos.\"\n      }\n    },\n    {\n      \"@type\": \"Question\",\n      \"name\": \"\u00bfQu\u00e9 documentos necesito para presentar una reclamaci\u00f3n?\",\n      \"acceptedAnswer\": {\n        \"@type\": \"Answer\",\n        \"text\": \"Necesitar\u00e1s el formulario PIR, tu comprobante de equipaje, una lista del contenido de tu maleta con su valor aproximado, y cualquier recibo de gastos realizados debido al retraso.\"\n      }\n    },\n    {\n      \"@type\": \"Question\",\n      \"name\": \"\u00bfQu\u00e9 pasa si la aerol\u00ednea no responde a mi reclamaci\u00f3n?\",\n      \"acceptedAnswer\": {\n        \"@type\": \"Answer\",\n        \"text\": \"Si la aerol\u00ednea no responde o no te ofrece una soluci\u00f3n satisfactoria, puedes presentar una reclamaci\u00f3n ante las autoridades de aviaci\u00f3n civil o recurrir a un abogado especializado en derechos de los pasajeros.\"\n      }\n    }\n  ]\n}\n<\/script>\n","protected":false},"excerpt":{"rendered":"<p>Viajar es una experiencia emocionante, pero tambi\u00e9n puede presentar desaf\u00edos inesperados, como la p\u00e9rdida de tu maleta. Si te encuentras en esta situaci\u00f3n durante un vuelo en la Uni\u00f3n Europea, es crucial saber c\u00f3mo actuar para asegurar una compensaci\u00f3n adecuada seg\u00fan las normativas vigentes. En esta gu\u00eda te explicamos detalladamente qu\u00e9 hacer si pierdes tu &#8230; <a title=\"\u00bfQu\u00e9 hacer si pierdes tu maleta? Gu\u00eda completa para reclamar seg\u00fan el Convenio Europeo\" class=\"read-more\" href=\"https:\/\/reclamatuequipaje.com\/blog\/que-hacer-si-pierdes-tu-maleta-guia-completa-para-reclamar-segun-el-convenio-europeo\/\" aria-label=\"M\u00e1s en \u00bfQu\u00e9 hacer si pierdes tu maleta? Gu\u00eda completa para reclamar seg\u00fan el Convenio Europeo\">Leer m\u00e1s<\/a><\/p>\n","protected":false},"author":1,"featured_media":70,"comment_status":"open","ping_status":"open","sticky":false,"template":"","format":"standard","meta":{"footnotes":""},"categories":[1],"tags":[],"class_list":["post-67","post","type-post","status-publish","format-standard","has-post-thumbnail","hentry","category-reclamar-equipaje"],"yoast_head":"<!-- This site is optimized with the Yoast SEO plugin v27.5 - https:\/\/yoast.com\/product\/yoast-seo-wordpress\/ -->\n<title>\u00bfQu\u00e9 hacer si pierdes tu maleta? Gu\u00eda completa para reclamar seg\u00fan el Convenio Europeo - Blog Reclamatuequipaje<\/title>\n<meta name=\"description\" content=\"Viajar es una experiencia emocionante, pero tambi\u00e9n puede presentar desaf\u00edos inesperados, como la p\u00e9rdida de tu maleta. Si te encuentras en esta situaci\u00f3n\" \/>\n<meta name=\"robots\" content=\"index, follow, max-snippet:-1, max-image-preview:large, max-video-preview:-1\" \/>\n<link rel=\"canonical\" href=\"https:\/\/reclamatuequipaje.com\/blog\/que-hacer-si-pierdes-tu-maleta-guia-completa-para-reclamar-segun-el-convenio-europeo\/\" \/>\n<meta property=\"og:locale\" content=\"es_ES\" \/>\n<meta property=\"og:type\" content=\"article\" \/>\n<meta property=\"og:title\" content=\"\u00bfQu\u00e9 hacer si pierdes tu maleta? Gu\u00eda completa para reclamar seg\u00fan el Convenio Europeo - Blog Reclamatuequipaje\" \/>\n<meta property=\"og:description\" content=\"Viajar es una experiencia emocionante, pero tambi\u00e9n puede presentar desaf\u00edos inesperados, como la p\u00e9rdida de tu maleta. Si te encuentras en esta situaci\u00f3n\" \/>\n<meta property=\"og:url\" content=\"https:\/\/reclamatuequipaje.com\/blog\/que-hacer-si-pierdes-tu-maleta-guia-completa-para-reclamar-segun-el-convenio-europeo\/\" \/>\n<meta property=\"og:site_name\" content=\"Blog Reclamatuequipaje\" \/>\n<meta property=\"article:published_time\" content=\"2024-08-13T16:37:46+00:00\" \/>\n<meta property=\"article:modified_time\" content=\"2024-09-13T11:51:10+00:00\" \/>\n<meta property=\"og:image\" content=\"https:\/\/reclamatuequipaje.com\/blog\/wp-content\/uploads\/2024\/08\/indemnizacion-maleta-perdida.jpg\" \/>\n\t<meta property=\"og:image:width\" content=\"1200\" \/>\n\t<meta property=\"og:image:height\" content=\"750\" \/>\n\t<meta property=\"og:image:type\" content=\"image\/jpeg\" \/>\n<meta name=\"author\" content=\"admin\" \/>\n<meta name=\"twitter:card\" content=\"summary_large_image\" \/>\n<meta name=\"twitter:label1\" content=\"Written by\" \/>\n\t<meta name=\"twitter:data1\" content=\"admin\" \/>\n\t<meta name=\"twitter:label2\" content=\"Est. reading time\" \/>\n\t<meta name=\"twitter:data2\" content=\"6 minutos\" \/>\n<script type=\"application\/ld+json\" class=\"yoast-schema-graph\">{\"@context\":\"https:\\\/\\\/schema.org\",\"@graph\":[{\"@type\":\"Article\",\"@id\":\"https:\\\/\\\/reclamatuequipaje.com\\\/blog\\\/que-hacer-si-pierdes-tu-maleta-guia-completa-para-reclamar-segun-el-convenio-europeo\\\/#article\",\"isPartOf\":{\"@id\":\"https:\\\/\\\/reclamatuequipaje.com\\\/blog\\\/que-hacer-si-pierdes-tu-maleta-guia-completa-para-reclamar-segun-el-convenio-europeo\\\/\"},\"author\":{\"name\":\"admin\",\"@id\":\"https:\\\/\\\/reclamatuequipaje.com\\\/blog\\\/#\\\/schema\\\/person\\\/018905a92870427b1e8f15d87fdc2c8b\"},\"headline\":\"\u00bfQu\u00e9 hacer si pierdes tu maleta? Gu\u00eda completa para reclamar seg\u00fan el Convenio Europeo\",\"datePublished\":\"2024-08-13T16:37:46+00:00\",\"dateModified\":\"2024-09-13T11:51:10+00:00\",\"mainEntityOfPage\":{\"@id\":\"https:\\\/\\\/reclamatuequipaje.com\\\/blog\\\/que-hacer-si-pierdes-tu-maleta-guia-completa-para-reclamar-segun-el-convenio-europeo\\\/\"},\"wordCount\":1218,\"commentCount\":0,\"publisher\":{\"@id\":\"https:\\\/\\\/reclamatuequipaje.com\\\/blog\\\/#organization\"},\"image\":{\"@id\":\"https:\\\/\\\/reclamatuequipaje.com\\\/blog\\\/que-hacer-si-pierdes-tu-maleta-guia-completa-para-reclamar-segun-el-convenio-europeo\\\/#primaryimage\"},\"thumbnailUrl\":\"https:\\\/\\\/reclamatuequipaje.com\\\/blog\\\/wp-content\\\/uploads\\\/2024\\\/08\\\/indemnizacion-maleta-perdida.jpg\",\"articleSection\":[\"Reclamar equipaje\"],\"inLanguage\":\"es\",\"potentialAction\":[{\"@type\":\"CommentAction\",\"name\":\"Comment\",\"target\":[\"https:\\\/\\\/reclamatuequipaje.com\\\/blog\\\/que-hacer-si-pierdes-tu-maleta-guia-completa-para-reclamar-segun-el-convenio-europeo\\\/#respond\"]}]},{\"@type\":\"WebPage\",\"@id\":\"https:\\\/\\\/reclamatuequipaje.com\\\/blog\\\/que-hacer-si-pierdes-tu-maleta-guia-completa-para-reclamar-segun-el-convenio-europeo\\\/\",\"url\":\"https:\\\/\\\/reclamatuequipaje.com\\\/blog\\\/que-hacer-si-pierdes-tu-maleta-guia-completa-para-reclamar-segun-el-convenio-europeo\\\/\",\"name\":\"\u00bfQu\u00e9 hacer si pierdes tu maleta? Gu\u00eda completa para reclamar seg\u00fan el Convenio Europeo - Blog Reclamatuequipaje\",\"isPartOf\":{\"@id\":\"https:\\\/\\\/reclamatuequipaje.com\\\/blog\\\/#website\"},\"primaryImageOfPage\":{\"@id\":\"https:\\\/\\\/reclamatuequipaje.com\\\/blog\\\/que-hacer-si-pierdes-tu-maleta-guia-completa-para-reclamar-segun-el-convenio-europeo\\\/#primaryimage\"},\"image\":{\"@id\":\"https:\\\/\\\/reclamatuequipaje.com\\\/blog\\\/que-hacer-si-pierdes-tu-maleta-guia-completa-para-reclamar-segun-el-convenio-europeo\\\/#primaryimage\"},\"thumbnailUrl\":\"https:\\\/\\\/reclamatuequipaje.com\\\/blog\\\/wp-content\\\/uploads\\\/2024\\\/08\\\/indemnizacion-maleta-perdida.jpg\",\"datePublished\":\"2024-08-13T16:37:46+00:00\",\"dateModified\":\"2024-09-13T11:51:10+00:00\",\"description\":\"Viajar es una experiencia emocionante, pero tambi\u00e9n puede presentar desaf\u00edos inesperados, como la p\u00e9rdida de tu maleta. Si te encuentras en esta situaci\u00f3n\",\"breadcrumb\":{\"@id\":\"https:\\\/\\\/reclamatuequipaje.com\\\/blog\\\/que-hacer-si-pierdes-tu-maleta-guia-completa-para-reclamar-segun-el-convenio-europeo\\\/#breadcrumb\"},\"inLanguage\":\"es\",\"potentialAction\":[{\"@type\":\"ReadAction\",\"target\":[\"https:\\\/\\\/reclamatuequipaje.com\\\/blog\\\/que-hacer-si-pierdes-tu-maleta-guia-completa-para-reclamar-segun-el-convenio-europeo\\\/\"]}]},{\"@type\":\"ImageObject\",\"inLanguage\":\"es\",\"@id\":\"https:\\\/\\\/reclamatuequipaje.com\\\/blog\\\/que-hacer-si-pierdes-tu-maleta-guia-completa-para-reclamar-segun-el-convenio-europeo\\\/#primaryimage\",\"url\":\"https:\\\/\\\/reclamatuequipaje.com\\\/blog\\\/wp-content\\\/uploads\\\/2024\\\/08\\\/indemnizacion-maleta-perdida.jpg\",\"contentUrl\":\"https:\\\/\\\/reclamatuequipaje.com\\\/blog\\\/wp-content\\\/uploads\\\/2024\\\/08\\\/indemnizacion-maleta-perdida.jpg\",\"width\":1200,\"height\":750,\"caption\":\"indemnizaci\u00f3n por maleta perdida\"},{\"@type\":\"BreadcrumbList\",\"@id\":\"https:\\\/\\\/reclamatuequipaje.com\\\/blog\\\/que-hacer-si-pierdes-tu-maleta-guia-completa-para-reclamar-segun-el-convenio-europeo\\\/#breadcrumb\",\"itemListElement\":[{\"@type\":\"ListItem\",\"position\":1,\"name\":\"Home\",\"item\":\"https:\\\/\\\/reclamatuequipaje.com\\\/blog\\\/\"},{\"@type\":\"ListItem\",\"position\":2,\"name\":\"\u00bfQu\u00e9 hacer si pierdes tu maleta? Gu\u00eda completa para reclamar seg\u00fan el Convenio Europeo\"}]},{\"@type\":\"WebSite\",\"@id\":\"https:\\\/\\\/reclamatuequipaje.com\\\/blog\\\/#website\",\"url\":\"https:\\\/\\\/reclamatuequipaje.com\\\/blog\\\/\",\"name\":\"Blog Reclamatuequipaje\",\"description\":\"\",\"publisher\":{\"@id\":\"https:\\\/\\\/reclamatuequipaje.com\\\/blog\\\/#organization\"},\"potentialAction\":[{\"@type\":\"SearchAction\",\"target\":{\"@type\":\"EntryPoint\",\"urlTemplate\":\"https:\\\/\\\/reclamatuequipaje.com\\\/blog\\\/?s={search_term_string}\"},\"query-input\":{\"@type\":\"PropertyValueSpecification\",\"valueRequired\":true,\"valueName\":\"search_term_string\"}}],\"inLanguage\":\"es\"},{\"@type\":\"Organization\",\"@id\":\"https:\\\/\\\/reclamatuequipaje.com\\\/blog\\\/#organization\",\"name\":\"Blog Reclamatuequipaje\",\"url\":\"https:\\\/\\\/reclamatuequipaje.com\\\/blog\\\/\",\"logo\":{\"@type\":\"ImageObject\",\"inLanguage\":\"es\",\"@id\":\"https:\\\/\\\/reclamatuequipaje.com\\\/blog\\\/#\\\/schema\\\/logo\\\/image\\\/\",\"url\":\"https:\\\/\\\/reclamatuequipaje.com\\\/blog\\\/wp-content\\\/uploads\\\/2024\\\/02\\\/logo-reclamatuequipaje.com_.jpg\",\"contentUrl\":\"https:\\\/\\\/reclamatuequipaje.com\\\/blog\\\/wp-content\\\/uploads\\\/2024\\\/02\\\/logo-reclamatuequipaje.com_.jpg\",\"width\":195,\"height\":43,\"caption\":\"Blog Reclamatuequipaje\"},\"image\":{\"@id\":\"https:\\\/\\\/reclamatuequipaje.com\\\/blog\\\/#\\\/schema\\\/logo\\\/image\\\/\"}},{\"@type\":\"Person\",\"@id\":\"https:\\\/\\\/reclamatuequipaje.com\\\/blog\\\/#\\\/schema\\\/person\\\/018905a92870427b1e8f15d87fdc2c8b\",\"name\":\"admin\",\"image\":{\"@type\":\"ImageObject\",\"inLanguage\":\"es\",\"@id\":\"https:\\\/\\\/reclamatuequipaje.com\\\/blog\\\/wp-content\\\/litespeed\\\/avatar\\\/8fef0a2568de531f75d6c8a253e8dbd2.jpg?ver=1777470957\",\"url\":\"https:\\\/\\\/reclamatuequipaje.com\\\/blog\\\/wp-content\\\/litespeed\\\/avatar\\\/8fef0a2568de531f75d6c8a253e8dbd2.jpg?ver=1777470957\",\"contentUrl\":\"https:\\\/\\\/reclamatuequipaje.com\\\/blog\\\/wp-content\\\/litespeed\\\/avatar\\\/8fef0a2568de531f75d6c8a253e8dbd2.jpg?ver=1777470957\",\"caption\":\"admin\"},\"sameAs\":[\"https:\\\/\\\/reclamatuequipaje.com\\\/blog\"],\"url\":\"https:\\\/\\\/reclamatuequipaje.com\\\/blog\\\/author\\\/admin\\\/\"}]}<\/script>\n<!-- \/ Yoast SEO plugin. -->","yoast_head_json":{"title":"\u00bfQu\u00e9 hacer si pierdes tu maleta? Gu\u00eda completa para reclamar seg\u00fan el Convenio Europeo - Blog Reclamatuequipaje","description":"Viajar es una experiencia emocionante, pero tambi\u00e9n puede presentar desaf\u00edos inesperados, como la p\u00e9rdida de tu maleta. Si te encuentras en esta situaci\u00f3n","robots":{"index":"index","follow":"follow","max-snippet":"max-snippet:-1","max-image-preview":"max-image-preview:large","max-video-preview":"max-video-preview:-1"},"canonical":"https:\/\/reclamatuequipaje.com\/blog\/que-hacer-si-pierdes-tu-maleta-guia-completa-para-reclamar-segun-el-convenio-europeo\/","og_locale":"es_ES","og_type":"article","og_title":"\u00bfQu\u00e9 hacer si pierdes tu maleta? Gu\u00eda completa para reclamar seg\u00fan el Convenio Europeo - Blog Reclamatuequipaje","og_description":"Viajar es una experiencia emocionante, pero tambi\u00e9n puede presentar desaf\u00edos inesperados, como la p\u00e9rdida de tu maleta. Si te encuentras en esta situaci\u00f3n","og_url":"https:\/\/reclamatuequipaje.com\/blog\/que-hacer-si-pierdes-tu-maleta-guia-completa-para-reclamar-segun-el-convenio-europeo\/","og_site_name":"Blog Reclamatuequipaje","article_published_time":"2024-08-13T16:37:46+00:00","article_modified_time":"2024-09-13T11:51:10+00:00","og_image":[{"width":1200,"height":750,"url":"https:\/\/reclamatuequipaje.com\/blog\/wp-content\/uploads\/2024\/08\/indemnizacion-maleta-perdida.jpg","type":"image\/jpeg"}],"author":"admin","twitter_card":"summary_large_image","twitter_misc":{"Written by":"admin","Est. reading time":"6 minutos"},"schema":{"@context":"https:\/\/schema.org","@graph":[{"@type":"Article","@id":"https:\/\/reclamatuequipaje.com\/blog\/que-hacer-si-pierdes-tu-maleta-guia-completa-para-reclamar-segun-el-convenio-europeo\/#article","isPartOf":{"@id":"https:\/\/reclamatuequipaje.com\/blog\/que-hacer-si-pierdes-tu-maleta-guia-completa-para-reclamar-segun-el-convenio-europeo\/"},"author":{"name":"admin","@id":"https:\/\/reclamatuequipaje.com\/blog\/#\/schema\/person\/018905a92870427b1e8f15d87fdc2c8b"},"headline":"\u00bfQu\u00e9 hacer si pierdes tu maleta? Gu\u00eda completa para reclamar seg\u00fan el Convenio Europeo","datePublished":"2024-08-13T16:37:46+00:00","dateModified":"2024-09-13T11:51:10+00:00","mainEntityOfPage":{"@id":"https:\/\/reclamatuequipaje.com\/blog\/que-hacer-si-pierdes-tu-maleta-guia-completa-para-reclamar-segun-el-convenio-europeo\/"},"wordCount":1218,"commentCount":0,"publisher":{"@id":"https:\/\/reclamatuequipaje.com\/blog\/#organization"},"image":{"@id":"https:\/\/reclamatuequipaje.com\/blog\/que-hacer-si-pierdes-tu-maleta-guia-completa-para-reclamar-segun-el-convenio-europeo\/#primaryimage"},"thumbnailUrl":"https:\/\/reclamatuequipaje.com\/blog\/wp-content\/uploads\/2024\/08\/indemnizacion-maleta-perdida.jpg","articleSection":["Reclamar equipaje"],"inLanguage":"es","potentialAction":[{"@type":"CommentAction","name":"Comment","target":["https:\/\/reclamatuequipaje.com\/blog\/que-hacer-si-pierdes-tu-maleta-guia-completa-para-reclamar-segun-el-convenio-europeo\/#respond"]}]},{"@type":"WebPage","@id":"https:\/\/reclamatuequipaje.com\/blog\/que-hacer-si-pierdes-tu-maleta-guia-completa-para-reclamar-segun-el-convenio-europeo\/","url":"https:\/\/reclamatuequipaje.com\/blog\/que-hacer-si-pierdes-tu-maleta-guia-completa-para-reclamar-segun-el-convenio-europeo\/","name":"\u00bfQu\u00e9 hacer si pierdes tu maleta? Gu\u00eda completa para reclamar seg\u00fan el Convenio Europeo - Blog Reclamatuequipaje","isPartOf":{"@id":"https:\/\/reclamatuequipaje.com\/blog\/#website"},"primaryImageOfPage":{"@id":"https:\/\/reclamatuequipaje.com\/blog\/que-hacer-si-pierdes-tu-maleta-guia-completa-para-reclamar-segun-el-convenio-europeo\/#primaryimage"},"image":{"@id":"https:\/\/reclamatuequipaje.com\/blog\/que-hacer-si-pierdes-tu-maleta-guia-completa-para-reclamar-segun-el-convenio-europeo\/#primaryimage"},"thumbnailUrl":"https:\/\/reclamatuequipaje.com\/blog\/wp-content\/uploads\/2024\/08\/indemnizacion-maleta-perdida.jpg","datePublished":"2024-08-13T16:37:46+00:00","dateModified":"2024-09-13T11:51:10+00:00","description":"Viajar es una experiencia emocionante, pero tambi\u00e9n puede presentar desaf\u00edos inesperados, como la p\u00e9rdida de tu maleta. Si te encuentras en esta situaci\u00f3n","breadcrumb":{"@id":"https:\/\/reclamatuequipaje.com\/blog\/que-hacer-si-pierdes-tu-maleta-guia-completa-para-reclamar-segun-el-convenio-europeo\/#breadcrumb"},"inLanguage":"es","potentialAction":[{"@type":"ReadAction","target":["https:\/\/reclamatuequipaje.com\/blog\/que-hacer-si-pierdes-tu-maleta-guia-completa-para-reclamar-segun-el-convenio-europeo\/"]}]},{"@type":"ImageObject","inLanguage":"es","@id":"https:\/\/reclamatuequipaje.com\/blog\/que-hacer-si-pierdes-tu-maleta-guia-completa-para-reclamar-segun-el-convenio-europeo\/#primaryimage","url":"https:\/\/reclamatuequipaje.com\/blog\/wp-content\/uploads\/2024\/08\/indemnizacion-maleta-perdida.jpg","contentUrl":"https:\/\/reclamatuequipaje.com\/blog\/wp-content\/uploads\/2024\/08\/indemnizacion-maleta-perdida.jpg","width":1200,"height":750,"caption":"indemnizaci\u00f3n por maleta perdida"},{"@type":"BreadcrumbList","@id":"https:\/\/reclamatuequipaje.com\/blog\/que-hacer-si-pierdes-tu-maleta-guia-completa-para-reclamar-segun-el-convenio-europeo\/#breadcrumb","itemListElement":[{"@type":"ListItem","position":1,"name":"Home","item":"https:\/\/reclamatuequipaje.com\/blog\/"},{"@type":"ListItem","position":2,"name":"\u00bfQu\u00e9 hacer si pierdes tu maleta? Gu\u00eda completa para reclamar seg\u00fan el Convenio Europeo"}]},{"@type":"WebSite","@id":"https:\/\/reclamatuequipaje.com\/blog\/#website","url":"https:\/\/reclamatuequipaje.com\/blog\/","name":"Blog Reclamatuequipaje","description":"","publisher":{"@id":"https:\/\/reclamatuequipaje.com\/blog\/#organization"},"potentialAction":[{"@type":"SearchAction","target":{"@type":"EntryPoint","urlTemplate":"https:\/\/reclamatuequipaje.com\/blog\/?s={search_term_string}"},"query-input":{"@type":"PropertyValueSpecification","valueRequired":true,"valueName":"search_term_string"}}],"inLanguage":"es"},{"@type":"Organization","@id":"https:\/\/reclamatuequipaje.com\/blog\/#organization","name":"Blog Reclamatuequipaje","url":"https:\/\/reclamatuequipaje.com\/blog\/","logo":{"@type":"ImageObject","inLanguage":"es","@id":"https:\/\/reclamatuequipaje.com\/blog\/#\/schema\/logo\/image\/","url":"https:\/\/reclamatuequipaje.com\/blog\/wp-content\/uploads\/2024\/02\/logo-reclamatuequipaje.com_.jpg","contentUrl":"https:\/\/reclamatuequipaje.com\/blog\/wp-content\/uploads\/2024\/02\/logo-reclamatuequipaje.com_.jpg","width":195,"height":43,"caption":"Blog Reclamatuequipaje"},"image":{"@id":"https:\/\/reclamatuequipaje.com\/blog\/#\/schema\/logo\/image\/"}},{"@type":"Person","@id":"https:\/\/reclamatuequipaje.com\/blog\/#\/schema\/person\/018905a92870427b1e8f15d87fdc2c8b","name":"admin","image":{"@type":"ImageObject","inLanguage":"es","@id":"https:\/\/reclamatuequipaje.com\/blog\/wp-content\/litespeed\/avatar\/8fef0a2568de531f75d6c8a253e8dbd2.jpg?ver=1777470957","url":"https:\/\/reclamatuequipaje.com\/blog\/wp-content\/litespeed\/avatar\/8fef0a2568de531f75d6c8a253e8dbd2.jpg?ver=1777470957","contentUrl":"https:\/\/reclamatuequipaje.com\/blog\/wp-content\/litespeed\/avatar\/8fef0a2568de531f75d6c8a253e8dbd2.jpg?ver=1777470957","caption":"admin"},"sameAs":["https:\/\/reclamatuequipaje.com\/blog"],"url":"https:\/\/reclamatuequipaje.com\/blog\/author\/admin\/"}]}},"_links":{"self":[{"href":"https:\/\/reclamatuequipaje.com\/blog\/wp-json\/wp\/v2\/posts\/67","targetHints":{"allow":["GET"]}}],"collection":[{"href":"https:\/\/reclamatuequipaje.com\/blog\/wp-json\/wp\/v2\/posts"}],"about":[{"href":"https:\/\/reclamatuequipaje.com\/blog\/wp-json\/wp\/v2\/types\/post"}],"author":[{"embeddable":true,"href":"https:\/\/reclamatuequipaje.com\/blog\/wp-json\/wp\/v2\/users\/1"}],"replies":[{"embeddable":true,"href":"https:\/\/reclamatuequipaje.com\/blog\/wp-json\/wp\/v2\/comments?post=67"}],"version-history":[{"count":3,"href":"https:\/\/reclamatuequipaje.com\/blog\/wp-json\/wp\/v2\/posts\/67\/revisions"}],"predecessor-version":[{"id":77,"href":"https:\/\/reclamatuequipaje.com\/blog\/wp-json\/wp\/v2\/posts\/67\/revisions\/77"}],"wp:featuredmedia":[{"embeddable":true,"href":"https:\/\/reclamatuequipaje.com\/blog\/wp-json\/wp\/v2\/media\/70"}],"wp:attachment":[{"href":"https:\/\/reclamatuequipaje.com\/blog\/wp-json\/wp\/v2\/media?parent=67"}],"wp:term":[{"taxonomy":"category","embeddable":true,"href":"https:\/\/reclamatuequipaje.com\/blog\/wp-json\/wp\/v2\/categories?post=67"},{"taxonomy":"post_tag","embeddable":true,"href":"https:\/\/reclamatuequipaje.com\/blog\/wp-json\/wp\/v2\/tags?post=67"}],"curies":[{"name":"wp","href":"https:\/\/api.w.org\/{rel}","templated":true}]}}